
{"id":11178,"date":"2012-09-14T06:13:44","date_gmt":"2012-09-14T05:13:44","guid":{"rendered":"http:\/\/adamczewscy.pl\/?p=3618"},"modified":"2012-09-14T06:13:44","modified_gmt":"2012-09-14T05:13:44","slug":"nalesniki-z-farszem-pieczarkowo-warzywnym","status":"publish","type":"post","link":"https:\/\/blog.polityka.pl\/adamczewski\/2012\/09\/14\/nalesniki-z-farszem-pieczarkowo-warzywnym\/","title":{"rendered":"Nale\u015bniki z farszem pieczarkowo-warzywnym"},"content":{"rendered":"<p><em>Na ciasto: 1, 5 szklanki m\u0105ki, 2 szklanki mleka, 3 jajka, 2 \u0142y\u017cki posiekanego szczypiorku, 1\/2 \u0142y\u017ceczki \u0142agodnej przyprawy curry, s\u00f3l, \u0142y\u017ceczka oleju do sma\u017cenia<br \/>\nNa farsz: czerwona papryka, \u017c\u00f3\u0142tka papryka, papryczka chilli, p\u0119czek dymki, 30 dag drobnych pieczarek, ma\u0142a cukinia, 2 \u0142y\u017cki oleju, \u0142y\u017ceczka utartego imbiru, 1\/2 \u0142y\u017ceczki mielonej kolendry, \u0142y\u017cka soku cytrynowego, s\u00f3l, pieprz<br \/>\n<\/em><\/p>\n<p>1. Zmoksowa\u0107 m\u0105k\u0119, jajka i mleko, doda\u0107 posiekany szczypiorek, curry i s\u00f3l do smaku. Odstawi\u0107 ciasto.<br \/>\n2. Przygotowa\u0107 farsz: pokroi\u0107 pieczarki i cukini\u0119 w plasterki. Dymk\u0119 posieka\u0107 Papryki (\u0142\u0105cznie z chilli) po oczyszczeniu pokroi\u0107 w cienkie paseczki.<br \/>\n3. Na rozgrzanym oleju podsma\u017cy\u0107 starty imbir, kolendr\u0119, doda\u0107 papryki i pieczarki, cukini\u0119 oraz dymk\u0119. Sma\u017cy\u0107 4 minuty, po czym wla\u0107 kilka \u0142y\u017cek wody i pod przykryciem dusi\u0107 10 minut, doprawi\u0107 sol\u0105, pieprzem i sokiem cytrynowym.<br \/>\n4. Usma\u017cy\u0107 cienkie nale\u015bniki.<br \/>\n5. Przek\u0142\u0105da\u0107nalesniki farszem, sk\u0142ada\u0107 w rulon lub chusteczk\u0119, mo\u017cna podsma\u017cy\u0107 na \u0142y\u017ceczce oleju, ale nie jest to konieczne.<br \/>\nJako dodatek mo\u017cna poda\u0107 jogurt naturalne z odrobin\u0105 curry. <\/p>\n","protected":false},"excerpt":{"rendered":"<p>Na ciasto: 1, 5 szklanki m\u0105ki, 2 szklanki mleka, 3 jajka, 2 \u0142y\u017cki posiekanego szczypiorku, 1\/2 \u0142y\u017ceczki \u0142agodnej przyprawy curry, s\u00f3l, \u0142y\u017ceczka oleju do sma\u017cenia Na farsz: czerwona papryka, \u017c\u00f3\u0142tka papryka, papryczka chilli, p\u0119czek dymki, 30 dag drobnych pieczarek, ma\u0142a cukinia, 2 \u0142y\u017cki oleju, \u0142y\u017ceczka utartego imbiru, 1\/2 \u0142y\u017ceczki mielonej kolendry, \u0142y\u017cka soku cytrynowego, s\u00f3l, [&hellip;]<\/p>\n","protected":false},"author":2,"featured_media":0,"comment_status":"open","ping_status":"open","sticky":false,"template":"","format":"standard","meta":{"footnotes":""},"categories":[1],"tags":[],"_links":{"self":[{"href":"https:\/\/blog.polityka.pl\/adamczewski\/wp-json\/wp\/v2\/posts\/11178"}],"collection":[{"href":"https:\/\/blog.polityka.pl\/adamczewski\/wp-json\/wp\/v2\/posts"}],"about":[{"href":"https:\/\/blog.polityka.pl\/adamczewski\/wp-json\/wp\/v2\/types\/post"}],"author":[{"embeddable":true,"href":"https:\/\/blog.polityka.pl\/adamczewski\/wp-json\/wp\/v2\/users\/2"}],"replies":[{"embeddable":true,"href":"https:\/\/blog.polityka.pl\/adamczewski\/wp-json\/wp\/v2\/comments?post=11178"}],"version-history":[{"count":0,"href":"https:\/\/blog.polityka.pl\/adamczewski\/wp-json\/wp\/v2\/posts\/11178\/revisions"}],"wp:attachment":[{"href":"https:\/\/blog.polityka.pl\/adamczewski\/wp-json\/wp\/v2\/media?parent=11178"}],"wp:term":[{"taxonomy":"category","embeddable":true,"href":"https:\/\/blog.polityka.pl\/adamczewski\/wp-json\/wp\/v2\/categories?post=11178"},{"taxonomy":"post_tag","embeddable":true,"href":"https:\/\/blog.polityka.pl\/adamczewski\/wp-json\/wp\/v2\/tags?post=11178"}],"curies":[{"name":"wp","href":"https:\/\/api.w.org\/{rel}","templated":true}]}}