
{"id":11179,"date":"2012-09-14T06:14:45","date_gmt":"2012-09-14T05:14:45","guid":{"rendered":"http:\/\/adamczewscy.pl\/?p=3619"},"modified":"2012-09-14T06:14:45","modified_gmt":"2012-09-14T05:14:45","slug":"placki-ziemniaczane-zupelnie-inaczej","status":"publish","type":"post","link":"https:\/\/blog.polityka.pl\/adamczewski\/2012\/09\/14\/placki-ziemniaczane-zupelnie-inaczej\/","title":{"rendered":"Placki ziemniaczane zupe\u0142nie inaczej"},"content":{"rendered":"<p><em>1 kg ziemniak\u00f3w, 1, 5 szklanki m\u0105ki, 3 jab\u0142ka, 2 jajka, 1\/4 szklanki mleka, 2 \u0142y\u017cki m\u0105ki ziemniaczanej, ma\u0142a szczypta soli<br \/>\nDo sma\u017cenia: ? szklanki oleju<br \/>\nJako dodatek: 4 \u0142y\u017cki cukru  lub d\u017cem<br \/>\n<\/em><br \/>\n1. Ziemniaki obra\u0107, ugotowa\u0107, odcedzi\u0107, ut\u0142uc na miazg\u0119 lub przecisn\u0105\u0107 przez prask\u0119 do ziemniak\u00f3w,<br \/>\n2. Do ostudzonych ziemniak\u00f3w doda\u0107 mleko, jajka, obie m\u0105ki, szczypt\u0119 soli i wymiesza\u0107.<br \/>\n3. Jab\u0142ka obra\u0107, zetrze\u0107 na tarce, doda\u0107 do masy ziemniaczanej i dok\u0142adnie wymiesza\u0107 ciasto.<br \/>\n4. Rozgrza\u0107na patelni olej, nabiera\u0107 ciasto \u0142y\u017ck\u0105, formowa\u0107 owalne placki i sma\u017cy\u0107 z obu stron na z\u0142ocisto.<br \/>\nMo\u017cna podawa\u0107 placki z cukrem lub d\u017cemem<\/p>\n","protected":false},"excerpt":{"rendered":"<p>1 kg ziemniak\u00f3w, 1, 5 szklanki m\u0105ki, 3 jab\u0142ka, 2 jajka, 1\/4 szklanki mleka, 2 \u0142y\u017cki m\u0105ki ziemniaczanej, ma\u0142a szczypta soli Do sma\u017cenia: ? szklanki oleju Jako dodatek: 4 \u0142y\u017cki cukru lub d\u017cem 1. Ziemniaki obra\u0107, ugotowa\u0107, odcedzi\u0107, ut\u0142uc na miazg\u0119 lub przecisn\u0105\u0107 przez prask\u0119 do ziemniak\u00f3w, 2. Do ostudzonych ziemniak\u00f3w doda\u0107 mleko, jajka, obie [&hellip;]<\/p>\n","protected":false},"author":2,"featured_media":0,"comment_status":"open","ping_status":"open","sticky":false,"template":"","format":"standard","meta":{"footnotes":""},"categories":[1],"tags":[],"_links":{"self":[{"href":"https:\/\/blog.polityka.pl\/adamczewski\/wp-json\/wp\/v2\/posts\/11179"}],"collection":[{"href":"https:\/\/blog.polityka.pl\/adamczewski\/wp-json\/wp\/v2\/posts"}],"about":[{"href":"https:\/\/blog.polityka.pl\/adamczewski\/wp-json\/wp\/v2\/types\/post"}],"author":[{"embeddable":true,"href":"https:\/\/blog.polityka.pl\/adamczewski\/wp-json\/wp\/v2\/users\/2"}],"replies":[{"embeddable":true,"href":"https:\/\/blog.polityka.pl\/adamczewski\/wp-json\/wp\/v2\/comments?post=11179"}],"version-history":[{"count":0,"href":"https:\/\/blog.polityka.pl\/adamczewski\/wp-json\/wp\/v2\/posts\/11179\/revisions"}],"wp:attachment":[{"href":"https:\/\/blog.polityka.pl\/adamczewski\/wp-json\/wp\/v2\/media?parent=11179"}],"wp:term":[{"taxonomy":"category","embeddable":true,"href":"https:\/\/blog.polityka.pl\/adamczewski\/wp-json\/wp\/v2\/categories?post=11179"},{"taxonomy":"post_tag","embeddable":true,"href":"https:\/\/blog.polityka.pl\/adamczewski\/wp-json\/wp\/v2\/tags?post=11179"}],"curies":[{"name":"wp","href":"https:\/\/api.w.org\/{rel}","templated":true}]}}