
{"id":11180,"date":"2012-09-14T06:15:36","date_gmt":"2012-09-14T05:15:36","guid":{"rendered":"http:\/\/adamczewscy.pl\/?p=3620"},"modified":"2012-09-14T06:15:36","modified_gmt":"2012-09-14T05:15:36","slug":"sandacz-w-pieczarkach","status":"publish","type":"post","link":"https:\/\/blog.polityka.pl\/adamczewski\/2012\/09\/14\/sandacz-w-pieczarkach\/","title":{"rendered":"Sandacz w pieczarkach"},"content":{"rendered":"<p><em>4 filety z sandacza (\u0142\u0105cznie oko\u0142o 80 dag), 20 dag pieczarek, 2 \u0142y\u017cki mas\u0142a, kopiasta \u0142y\u017cka m\u0105ki, 2 \u0142y\u017cki oliwy do sma\u017cenia, s\u00f3l, pieprz, ga\u0142\u0105zki pietruszki<br \/>\n<\/em><br \/>\n1. Filety umy\u0107, osuszy\u0107 kuchennym papierowym r\u0119cznikiem, posoli\u0107. Od\u0142o\u017cy\u0107 na p\u00f3\u0142 godziny.<br \/>\n2. Pieczarki umy\u0107, osuszy\u0107, pokroi\u0107 w plasterki.<br \/>\n3. Rozgrza\u0107 na patelni mas\u0142o, usma\u017cy\u0107 na nim plasterki pieczarek, doprawi\u0107 sol\u0105 i pieprzem, chwil\u0119 dusi\u0107 pod pokrywk\u0105.<br \/>\n4. Rozgrza\u0107 na patelni oliw\u0119, filety z sandacza opr\u00f3szy\u0107 m\u0105k\u0105 i usma\u017cy\u0107 na rumiano z obu stron.<br \/>\n5. U\u0142o\u017cone na p\u00f3\u0142misku kawa\u0142ki ryby u\u0142o\u017cy\u0107 na p\u00f3\u0142misku, ob\u0142o\u017cy\u0107 duszonymi pieczarkami, przybra\u0107 ga\u0142\u0105zkami pietruszki. <\/p>\n","protected":false},"excerpt":{"rendered":"<p>4 filety z sandacza (\u0142\u0105cznie oko\u0142o 80 dag), 20 dag pieczarek, 2 \u0142y\u017cki mas\u0142a, kopiasta \u0142y\u017cka m\u0105ki, 2 \u0142y\u017cki oliwy do sma\u017cenia, s\u00f3l, pieprz, ga\u0142\u0105zki pietruszki 1. Filety umy\u0107, osuszy\u0107 kuchennym papierowym r\u0119cznikiem, posoli\u0107. Od\u0142o\u017cy\u0107 na p\u00f3\u0142 godziny. 2. Pieczarki umy\u0107, osuszy\u0107, pokroi\u0107 w plasterki. 3. Rozgrza\u0107 na patelni mas\u0142o, usma\u017cy\u0107 na nim plasterki pieczarek, [&hellip;]<\/p>\n","protected":false},"author":2,"featured_media":0,"comment_status":"open","ping_status":"open","sticky":false,"template":"","format":"standard","meta":{"footnotes":""},"categories":[1],"tags":[],"_links":{"self":[{"href":"https:\/\/blog.polityka.pl\/adamczewski\/wp-json\/wp\/v2\/posts\/11180"}],"collection":[{"href":"https:\/\/blog.polityka.pl\/adamczewski\/wp-json\/wp\/v2\/posts"}],"about":[{"href":"https:\/\/blog.polityka.pl\/adamczewski\/wp-json\/wp\/v2\/types\/post"}],"author":[{"embeddable":true,"href":"https:\/\/blog.polityka.pl\/adamczewski\/wp-json\/wp\/v2\/users\/2"}],"replies":[{"embeddable":true,"href":"https:\/\/blog.polityka.pl\/adamczewski\/wp-json\/wp\/v2\/comments?post=11180"}],"version-history":[{"count":0,"href":"https:\/\/blog.polityka.pl\/adamczewski\/wp-json\/wp\/v2\/posts\/11180\/revisions"}],"wp:attachment":[{"href":"https:\/\/blog.polityka.pl\/adamczewski\/wp-json\/wp\/v2\/media?parent=11180"}],"wp:term":[{"taxonomy":"category","embeddable":true,"href":"https:\/\/blog.polityka.pl\/adamczewski\/wp-json\/wp\/v2\/categories?post=11180"},{"taxonomy":"post_tag","embeddable":true,"href":"https:\/\/blog.polityka.pl\/adamczewski\/wp-json\/wp\/v2\/tags?post=11180"}],"curies":[{"name":"wp","href":"https:\/\/api.w.org\/{rel}","templated":true}]}}