
{"id":11182,"date":"2012-09-20T15:23:49","date_gmt":"2012-09-20T14:23:49","guid":{"rendered":"http:\/\/adamczewscy.pl\/?p=3625"},"modified":"2012-09-20T15:23:49","modified_gmt":"2012-09-20T14:23:49","slug":"kotlety-cielece-po-galicyjsku","status":"publish","type":"post","link":"https:\/\/blog.polityka.pl\/adamczewski\/2012\/09\/20\/kotlety-cielece-po-galicyjsku\/","title":{"rendered":"Kotlety ciel\u0119ce po galicyjsku"},"content":{"rendered":"<p><em>50 dag mielonej ciel\u0119ciny, 3\/4 szklanki startego \u017c\u00f3\u0142tego sera, du\u017ca cebula, \u0142y\u017cka mas\u0142a, 2 \u0142y\u017cki posiekanej zielonej pietruszki, jajko, s\u00f3l, pieprz, 1\/4 \u0142y\u017ceczki suszonej lebiodki<br \/>\nDo panierowania: 2 \u0142y\u017cki tartej bu\u0142ki<br \/>\nDo sma\u017cenia: 4 \u0142y\u017cki oleju lub oliwy<\/em><\/p>\n<p>1. Cebul\u0119 obra\u0107, drobno posieka\u0107  i zeszkli\u0107 na ma\u015ble.<br \/>\n2. Mielone mi\u0119so po\u0142\u0105czy\u0107 z cebul\u0105, lebiodk\u0105, startym serem, jajkiem, sol\u0105 i pieprzem. Dobrze wyrobi\u0107.<br \/>\n3. Zwil\u017conymi d\u0142o\u0144mi formowa\u0107 niewielkie owalne kotlety, panierowa\u0107 w tartej bu\u0142ce i sma\u017cy\u0107 z obu stron na rozgrzanym oleju lub oliwie.<\/p>\n","protected":false},"excerpt":{"rendered":"<p>50 dag mielonej ciel\u0119ciny, 3\/4 szklanki startego \u017c\u00f3\u0142tego sera, du\u017ca cebula, \u0142y\u017cka mas\u0142a, 2 \u0142y\u017cki posiekanej zielonej pietruszki, jajko, s\u00f3l, pieprz, 1\/4 \u0142y\u017ceczki suszonej lebiodki Do panierowania: 2 \u0142y\u017cki tartej bu\u0142ki Do sma\u017cenia: 4 \u0142y\u017cki oleju lub oliwy 1. Cebul\u0119 obra\u0107, drobno posieka\u0107 i zeszkli\u0107 na ma\u015ble. 2. Mielone mi\u0119so po\u0142\u0105czy\u0107 z cebul\u0105, lebiodk\u0105, startym [&hellip;]<\/p>\n","protected":false},"author":2,"featured_media":0,"comment_status":"open","ping_status":"open","sticky":false,"template":"","format":"standard","meta":{"footnotes":""},"categories":[1],"tags":[],"_links":{"self":[{"href":"https:\/\/blog.polityka.pl\/adamczewski\/wp-json\/wp\/v2\/posts\/11182"}],"collection":[{"href":"https:\/\/blog.polityka.pl\/adamczewski\/wp-json\/wp\/v2\/posts"}],"about":[{"href":"https:\/\/blog.polityka.pl\/adamczewski\/wp-json\/wp\/v2\/types\/post"}],"author":[{"embeddable":true,"href":"https:\/\/blog.polityka.pl\/adamczewski\/wp-json\/wp\/v2\/users\/2"}],"replies":[{"embeddable":true,"href":"https:\/\/blog.polityka.pl\/adamczewski\/wp-json\/wp\/v2\/comments?post=11182"}],"version-history":[{"count":0,"href":"https:\/\/blog.polityka.pl\/adamczewski\/wp-json\/wp\/v2\/posts\/11182\/revisions"}],"wp:attachment":[{"href":"https:\/\/blog.polityka.pl\/adamczewski\/wp-json\/wp\/v2\/media?parent=11182"}],"wp:term":[{"taxonomy":"category","embeddable":true,"href":"https:\/\/blog.polityka.pl\/adamczewski\/wp-json\/wp\/v2\/categories?post=11182"},{"taxonomy":"post_tag","embeddable":true,"href":"https:\/\/blog.polityka.pl\/adamczewski\/wp-json\/wp\/v2\/tags?post=11182"}],"curies":[{"name":"wp","href":"https:\/\/api.w.org\/{rel}","templated":true}]}}