
{"id":11183,"date":"2012-09-20T15:25:20","date_gmt":"2012-09-20T14:25:20","guid":{"rendered":"http:\/\/adamczewscy.pl\/?p=3626"},"modified":"2012-09-20T15:25:20","modified_gmt":"2012-09-20T14:25:20","slug":"piersi-kurczaka-z-kurkami","status":"publish","type":"post","link":"https:\/\/blog.polityka.pl\/adamczewski\/2012\/09\/20\/piersi-kurczaka-z-kurkami\/","title":{"rendered":"Piersi kurczaka z kurkami"},"content":{"rendered":"<p><em>Podw\u00f3jny filet z piersi kurczaka, 20- 30 dag  \u015bwie\u017cych kurek, cebula, 4 \u0142y\u017cki oleju lub oliwy z oliwek, 2 \u0142y\u017cki m\u0105ki ziemniaczanej, 3 \u0142y\u017cki sosu sojowego, \u0142y\u017cka w\u00f3dki, 1\/2 \u0142y\u017ceczki mielonego imbiru, \u0142y\u017ceczka Vegety<br \/>\n<\/em><br \/>\n1. Umyte i osuszone papierowym kuchennym r\u0119cznikiem mi\u0119so pokroi\u0107 w cienkie paski, opr\u00f3szy\u0107 m\u0105k\u0105 i Veget\u0105 i odstawi\u0107.<br \/>\n2. Grzyby po oczyszczeniu pokroi\u0107 na mniejsze kawa\u0142ki, cebul\u0119 posieka\u0107 drobno.<br \/>\n3. Na rozgrzanym oleju lub oliwie podsma\u017cy\u0107 cebul\u0119 i imbir.<br \/>\n4. Do usma\u017conej  cebuli  doda\u0107 mi\u0119so, pokrojone grzyby, wla\u0107 sos sojowy oraz w\u00f3dk\u0119. Sma\u017cy\u0107  8-10 minut. <\/p>\n","protected":false},"excerpt":{"rendered":"<p>Podw\u00f3jny filet z piersi kurczaka, 20- 30 dag \u015bwie\u017cych kurek, cebula, 4 \u0142y\u017cki oleju lub oliwy z oliwek, 2 \u0142y\u017cki m\u0105ki ziemniaczanej, 3 \u0142y\u017cki sosu sojowego, \u0142y\u017cka w\u00f3dki, 1\/2 \u0142y\u017ceczki mielonego imbiru, \u0142y\u017ceczka Vegety 1. Umyte i osuszone papierowym kuchennym r\u0119cznikiem mi\u0119so pokroi\u0107 w cienkie paski, opr\u00f3szy\u0107 m\u0105k\u0105 i Veget\u0105 i odstawi\u0107. 2. Grzyby po [&hellip;]<\/p>\n","protected":false},"author":2,"featured_media":0,"comment_status":"open","ping_status":"open","sticky":false,"template":"","format":"standard","meta":{"footnotes":""},"categories":[1],"tags":[],"_links":{"self":[{"href":"https:\/\/blog.polityka.pl\/adamczewski\/wp-json\/wp\/v2\/posts\/11183"}],"collection":[{"href":"https:\/\/blog.polityka.pl\/adamczewski\/wp-json\/wp\/v2\/posts"}],"about":[{"href":"https:\/\/blog.polityka.pl\/adamczewski\/wp-json\/wp\/v2\/types\/post"}],"author":[{"embeddable":true,"href":"https:\/\/blog.polityka.pl\/adamczewski\/wp-json\/wp\/v2\/users\/2"}],"replies":[{"embeddable":true,"href":"https:\/\/blog.polityka.pl\/adamczewski\/wp-json\/wp\/v2\/comments?post=11183"}],"version-history":[{"count":0,"href":"https:\/\/blog.polityka.pl\/adamczewski\/wp-json\/wp\/v2\/posts\/11183\/revisions"}],"wp:attachment":[{"href":"https:\/\/blog.polityka.pl\/adamczewski\/wp-json\/wp\/v2\/media?parent=11183"}],"wp:term":[{"taxonomy":"category","embeddable":true,"href":"https:\/\/blog.polityka.pl\/adamczewski\/wp-json\/wp\/v2\/categories?post=11183"},{"taxonomy":"post_tag","embeddable":true,"href":"https:\/\/blog.polityka.pl\/adamczewski\/wp-json\/wp\/v2\/tags?post=11183"}],"curies":[{"name":"wp","href":"https:\/\/api.w.org\/{rel}","templated":true}]}}