
{"id":11184,"date":"2012-09-20T15:26:10","date_gmt":"2012-09-20T14:26:10","guid":{"rendered":"http:\/\/adamczewscy.pl\/?p=3627"},"modified":"2012-09-20T15:26:10","modified_gmt":"2012-09-20T14:26:10","slug":"babka-wielkopolska","status":"publish","type":"post","link":"https:\/\/blog.polityka.pl\/adamczewski\/2012\/09\/20\/babka-wielkopolska\/","title":{"rendered":"Babka wielkopolska"},"content":{"rendered":"<p><em>1,5 szklanki m\u0105ki ziemniaczanej,  ? szklanki m\u0105ki pszennej, kostka mas\u0142a, 4 jajka, sok z po\u0142\u00f3wki cytryny, sk\u00f3rka starta z cytryny, 1,5 szklanki cukru, 4 \u0142y\u017ceczki proszku do pieczenia,<br \/>\nDo posmarowania formy:  \u0142y\u017cka mas\u0142a<br \/>\nDo wysypania formy:  \u0142y\u017cka tartej bu\u0142ki<\/em><\/p>\n<p>1. Przesia\u0107 m\u0105k\u0119 ziemniaczan\u0105 i pszenn\u0105, doda\u0107 jajka, sok cytrynowy i proszek do pieczenia. Wymiesza\u0107 ciasto<br \/>\n2. Rozpu\u015bci\u0107 mas\u0142o i kiedy lekko ostygnie wlewa\u0107 powoli do  ciasta ucieraj\u0105c je. Doda\u0107 cytrynow\u0105 sk\u00f3rk\u0119 i jeszcze raz wymiesza\u0107.<br \/>\n3. Form\u0119 posmarowa\u0107 mas\u0142em, wysypa\u0107 tart\u0105 bu\u0142k\u0105 i prze\u0142o\u017cy\u0107 do niego ciasto.<br \/>\n4. W piekarniku nagrzanym do 200 st. C piec, a\u017c sk\u00f3rka si\u0119 zrumieni. <\/p>\n","protected":false},"excerpt":{"rendered":"<p>1,5 szklanki m\u0105ki ziemniaczanej, ? szklanki m\u0105ki pszennej, kostka mas\u0142a, 4 jajka, sok z po\u0142\u00f3wki cytryny, sk\u00f3rka starta z cytryny, 1,5 szklanki cukru, 4 \u0142y\u017ceczki proszku do pieczenia, Do posmarowania formy: \u0142y\u017cka mas\u0142a Do wysypania formy: \u0142y\u017cka tartej bu\u0142ki 1. Przesia\u0107 m\u0105k\u0119 ziemniaczan\u0105 i pszenn\u0105, doda\u0107 jajka, sok cytrynowy i proszek do pieczenia. Wymiesza\u0107 ciasto [&hellip;]<\/p>\n","protected":false},"author":2,"featured_media":0,"comment_status":"open","ping_status":"open","sticky":false,"template":"","format":"standard","meta":{"footnotes":""},"categories":[1],"tags":[],"_links":{"self":[{"href":"https:\/\/blog.polityka.pl\/adamczewski\/wp-json\/wp\/v2\/posts\/11184"}],"collection":[{"href":"https:\/\/blog.polityka.pl\/adamczewski\/wp-json\/wp\/v2\/posts"}],"about":[{"href":"https:\/\/blog.polityka.pl\/adamczewski\/wp-json\/wp\/v2\/types\/post"}],"author":[{"embeddable":true,"href":"https:\/\/blog.polityka.pl\/adamczewski\/wp-json\/wp\/v2\/users\/2"}],"replies":[{"embeddable":true,"href":"https:\/\/blog.polityka.pl\/adamczewski\/wp-json\/wp\/v2\/comments?post=11184"}],"version-history":[{"count":0,"href":"https:\/\/blog.polityka.pl\/adamczewski\/wp-json\/wp\/v2\/posts\/11184\/revisions"}],"wp:attachment":[{"href":"https:\/\/blog.polityka.pl\/adamczewski\/wp-json\/wp\/v2\/media?parent=11184"}],"wp:term":[{"taxonomy":"category","embeddable":true,"href":"https:\/\/blog.polityka.pl\/adamczewski\/wp-json\/wp\/v2\/categories?post=11184"},{"taxonomy":"post_tag","embeddable":true,"href":"https:\/\/blog.polityka.pl\/adamczewski\/wp-json\/wp\/v2\/tags?post=11184"}],"curies":[{"name":"wp","href":"https:\/\/api.w.org\/{rel}","templated":true}]}}