
{"id":11185,"date":"2012-10-05T08:49:07","date_gmt":"2012-10-05T07:49:07","guid":{"rendered":"http:\/\/adamczewscy.pl\/?p=3631"},"modified":"2012-10-05T08:49:07","modified_gmt":"2012-10-05T07:49:07","slug":"potrawka-curry-z-mielonego-miesa","status":"publish","type":"post","link":"https:\/\/blog.polityka.pl\/adamczewski\/2012\/10\/05\/potrawka-curry-z-mielonego-miesa\/","title":{"rendered":"Potrawka curry z mielonego mi\u0119sa"},"content":{"rendered":"<p><em>50 dag mielonego mi\u0119sa wieprzowego, 4 marchwie, pietruszka, seler, cebula, szklanka bulionu wo\u0142owego z kostki, \u0142y\u017cka przyprawy curry,5  dag rodzynek, \u0142y\u017ceczka cynamonu, 3 \u0142y\u017cki oliwy lub oleju<\/em><\/p>\n<p>1. Rozgrza\u0107 olej lub oliw\u0119 w garnku, doda\u0107 mi\u0119so i podsma\u017cy\u0107.<br \/>\n2. Marchew,pietruszk\u0119 i seler, zetrze\u0107 na bardzo grubej tarce ,cebul\u0119 posieka\u0107, doda\u0107 do mi\u0119sa, wla\u0107 bulion i doda\u0107 curry. dusi\u0107 oko\u0142o 10 minut, czyli do chwili, kiedy warzywa b\u0119d\u0105 mi\u0119kkie.<br \/>\n3. Do potrawy doda\u0107 rodzynki i cynamon i jeszcze poddusi\u0107 oko\u0142o 5 minut.<br \/>\nCurry podawa\u0107 z ry\u017cem.<\/p>\n","protected":false},"excerpt":{"rendered":"<p>50 dag mielonego mi\u0119sa wieprzowego, 4 marchwie, pietruszka, seler, cebula, szklanka bulionu wo\u0142owego z kostki, \u0142y\u017cka przyprawy curry,5 dag rodzynek, \u0142y\u017ceczka cynamonu, 3 \u0142y\u017cki oliwy lub oleju 1. Rozgrza\u0107 olej lub oliw\u0119 w garnku, doda\u0107 mi\u0119so i podsma\u017cy\u0107. 2. Marchew,pietruszk\u0119 i seler, zetrze\u0107 na bardzo grubej tarce ,cebul\u0119 posieka\u0107, doda\u0107 do mi\u0119sa, wla\u0107 bulion i [&hellip;]<\/p>\n","protected":false},"author":2,"featured_media":0,"comment_status":"open","ping_status":"open","sticky":false,"template":"","format":"standard","meta":{"footnotes":""},"categories":[1],"tags":[],"_links":{"self":[{"href":"https:\/\/blog.polityka.pl\/adamczewski\/wp-json\/wp\/v2\/posts\/11185"}],"collection":[{"href":"https:\/\/blog.polityka.pl\/adamczewski\/wp-json\/wp\/v2\/posts"}],"about":[{"href":"https:\/\/blog.polityka.pl\/adamczewski\/wp-json\/wp\/v2\/types\/post"}],"author":[{"embeddable":true,"href":"https:\/\/blog.polityka.pl\/adamczewski\/wp-json\/wp\/v2\/users\/2"}],"replies":[{"embeddable":true,"href":"https:\/\/blog.polityka.pl\/adamczewski\/wp-json\/wp\/v2\/comments?post=11185"}],"version-history":[{"count":0,"href":"https:\/\/blog.polityka.pl\/adamczewski\/wp-json\/wp\/v2\/posts\/11185\/revisions"}],"wp:attachment":[{"href":"https:\/\/blog.polityka.pl\/adamczewski\/wp-json\/wp\/v2\/media?parent=11185"}],"wp:term":[{"taxonomy":"category","embeddable":true,"href":"https:\/\/blog.polityka.pl\/adamczewski\/wp-json\/wp\/v2\/categories?post=11185"},{"taxonomy":"post_tag","embeddable":true,"href":"https:\/\/blog.polityka.pl\/adamczewski\/wp-json\/wp\/v2\/tags?post=11185"}],"curies":[{"name":"wp","href":"https:\/\/api.w.org\/{rel}","templated":true}]}}