
{"id":11186,"date":"2012-10-05T08:51:38","date_gmt":"2012-10-05T07:51:38","guid":{"rendered":"http:\/\/adamczewscy.pl\/?p=3632"},"modified":"2012-10-05T08:51:38","modified_gmt":"2012-10-05T07:51:38","slug":"ziemniaki-ze-sliwkami","status":"publish","type":"post","link":"https:\/\/blog.polityka.pl\/adamczewski\/2012\/10\/05\/ziemniaki-ze-sliwkami\/","title":{"rendered":"Ziemniaki ze \u015bliwkami"},"content":{"rendered":"<p><em>1 kg ziemniak\u00f3w, 30-40  dag suszonych \u015bliwek, 2 cebule, szklanka bulionu lub roso\u0142u warzywnego z kostki, 2 \u0142y\u017cki mas\u0142a, \u0142y\u017cka suszonego tymianku, 2 \u0142y\u017cki siekanego koperku, 2 z\u0105bki czosnku, s\u00f3l, pieprz<\/em><\/p>\n<p>1. \u015aliwki umy\u0107, zala\u0107 letni\u0105 przegotowan\u0105 wod\u0105 i odstawi\u0107 na 30 minut, po czym ods\u0105czy\u0107 i pokroi\u0107 w cienkie paski.<br \/>\n2. Cebule posieka\u0107, ziemniaki obra\u0107 i pokroi\u0107 w plastry.<br \/>\n3. W p\u0142askim rondlu lub g\u0142\u0119bokiej patelni stopi\u0107 mas\u0142o, doda\u0107 ziemniaki, cebul\u0119 i \u015bliwki. Posypa\u0107 potraw\u0119 sol\u0105 i pieprzem oraz suszonym tymiankiem. Sma\u017cy\u0107 mieszaj\u0105c.<br \/>\n4. Czosnek przecisn\u0105\u0107 przez prask\u0119 i doda\u0107 do potrawy wraz z koperkiem i bulionem. Dusi\u0107 pod przykryciem, a\u017c ziemniaki b\u0119d\u0105 mi\u0119kkie.<\/p>\n<p>Jest to doskona\u0142e obiadowe danie jarskie lub dodatek do wieprzowej pieczeni.<\/p>\n","protected":false},"excerpt":{"rendered":"<p>1 kg ziemniak\u00f3w, 30-40 dag suszonych \u015bliwek, 2 cebule, szklanka bulionu lub roso\u0142u warzywnego z kostki, 2 \u0142y\u017cki mas\u0142a, \u0142y\u017cka suszonego tymianku, 2 \u0142y\u017cki siekanego koperku, 2 z\u0105bki czosnku, s\u00f3l, pieprz 1. \u015aliwki umy\u0107, zala\u0107 letni\u0105 przegotowan\u0105 wod\u0105 i odstawi\u0107 na 30 minut, po czym ods\u0105czy\u0107 i pokroi\u0107 w cienkie paski. 2. Cebule posieka\u0107, ziemniaki [&hellip;]<\/p>\n","protected":false},"author":2,"featured_media":0,"comment_status":"open","ping_status":"open","sticky":false,"template":"","format":"standard","meta":{"footnotes":""},"categories":[1],"tags":[],"_links":{"self":[{"href":"https:\/\/blog.polityka.pl\/adamczewski\/wp-json\/wp\/v2\/posts\/11186"}],"collection":[{"href":"https:\/\/blog.polityka.pl\/adamczewski\/wp-json\/wp\/v2\/posts"}],"about":[{"href":"https:\/\/blog.polityka.pl\/adamczewski\/wp-json\/wp\/v2\/types\/post"}],"author":[{"embeddable":true,"href":"https:\/\/blog.polityka.pl\/adamczewski\/wp-json\/wp\/v2\/users\/2"}],"replies":[{"embeddable":true,"href":"https:\/\/blog.polityka.pl\/adamczewski\/wp-json\/wp\/v2\/comments?post=11186"}],"version-history":[{"count":0,"href":"https:\/\/blog.polityka.pl\/adamczewski\/wp-json\/wp\/v2\/posts\/11186\/revisions"}],"wp:attachment":[{"href":"https:\/\/blog.polityka.pl\/adamczewski\/wp-json\/wp\/v2\/media?parent=11186"}],"wp:term":[{"taxonomy":"category","embeddable":true,"href":"https:\/\/blog.polityka.pl\/adamczewski\/wp-json\/wp\/v2\/categories?post=11186"},{"taxonomy":"post_tag","embeddable":true,"href":"https:\/\/blog.polityka.pl\/adamczewski\/wp-json\/wp\/v2\/tags?post=11186"}],"curies":[{"name":"wp","href":"https:\/\/api.w.org\/{rel}","templated":true}]}}