
{"id":11191,"date":"2012-10-11T16:31:23","date_gmt":"2012-10-11T15:31:23","guid":{"rendered":"http:\/\/adamczewscy.pl\/?p=3638"},"modified":"2012-10-11T16:31:23","modified_gmt":"2012-10-11T15:31:23","slug":"ekspresowe-danie-z-kielbasy","status":"publish","type":"post","link":"https:\/\/blog.polityka.pl\/adamczewski\/2012\/10\/11\/ekspresowe-danie-z-kielbasy\/","title":{"rendered":"Ekspresowe danie z kie\u0142basy"},"content":{"rendered":"<p><em>1\/2 kg niet\u0142ustej kie\u0142basy, 1\/2  kg  pomidor\u00f3w, 2 du\u017ce cebule, p\u0142aska \u0142y\u017ceczka mielonej s\u0142odkiej papryki, s\u00f3l, 3 \u0142y\u017cki siekanej zielonej pietruszki, 3 \u0142y\u017cki oleju, s\u00f3l, pieprz<\/em><\/p>\n<p>1. Kie\u0142bas\u0119 pokroi\u0107 na porcje, ponacina\u0107 sk\u00f3rk\u0119 uko\u015bnie. Pomidory sparzy\u0107 i obra\u0107 ze sk\u00f3rki. Pokroi\u0107 na \u0107wiartki.<br \/>\n2. Na  g\u0142\u0119bokiej patelni rozgrza\u0107 t\u0142uszcz, obsma\u017cy\u0107 kie\u0142bas\u0119. Doda\u0107 pokrojon\u0105 w pi\u00f3rka cebul\u0119 i   lekko  zrumieni\u0107, doprawi\u0107 sol\u0105, pieprzem i s\u0142odk\u0105 papryk\u0105.<br \/>\n3. Do podsma\u017conej kie\u0142basy z cebul\u0105 doda\u0107 pokrojone na \u0107wiartki pomidory i sma\u017cy\u0107 co najmniej 5 &#8211; 6 minut.<br \/>\nDoskonale smakuje z ry\u017cem na sypko.<\/p>\n","protected":false},"excerpt":{"rendered":"<p>1\/2 kg niet\u0142ustej kie\u0142basy, 1\/2 kg pomidor\u00f3w, 2 du\u017ce cebule, p\u0142aska \u0142y\u017ceczka mielonej s\u0142odkiej papryki, s\u00f3l, 3 \u0142y\u017cki siekanej zielonej pietruszki, 3 \u0142y\u017cki oleju, s\u00f3l, pieprz 1. Kie\u0142bas\u0119 pokroi\u0107 na porcje, ponacina\u0107 sk\u00f3rk\u0119 uko\u015bnie. Pomidory sparzy\u0107 i obra\u0107 ze sk\u00f3rki. Pokroi\u0107 na \u0107wiartki. 2. Na g\u0142\u0119bokiej patelni rozgrza\u0107 t\u0142uszcz, obsma\u017cy\u0107 kie\u0142bas\u0119. Doda\u0107 pokrojon\u0105 w pi\u00f3rka [&hellip;]<\/p>\n","protected":false},"author":2,"featured_media":0,"comment_status":"open","ping_status":"open","sticky":false,"template":"","format":"standard","meta":{"footnotes":""},"categories":[1],"tags":[],"_links":{"self":[{"href":"https:\/\/blog.polityka.pl\/adamczewski\/wp-json\/wp\/v2\/posts\/11191"}],"collection":[{"href":"https:\/\/blog.polityka.pl\/adamczewski\/wp-json\/wp\/v2\/posts"}],"about":[{"href":"https:\/\/blog.polityka.pl\/adamczewski\/wp-json\/wp\/v2\/types\/post"}],"author":[{"embeddable":true,"href":"https:\/\/blog.polityka.pl\/adamczewski\/wp-json\/wp\/v2\/users\/2"}],"replies":[{"embeddable":true,"href":"https:\/\/blog.polityka.pl\/adamczewski\/wp-json\/wp\/v2\/comments?post=11191"}],"version-history":[{"count":0,"href":"https:\/\/blog.polityka.pl\/adamczewski\/wp-json\/wp\/v2\/posts\/11191\/revisions"}],"wp:attachment":[{"href":"https:\/\/blog.polityka.pl\/adamczewski\/wp-json\/wp\/v2\/media?parent=11191"}],"wp:term":[{"taxonomy":"category","embeddable":true,"href":"https:\/\/blog.polityka.pl\/adamczewski\/wp-json\/wp\/v2\/categories?post=11191"},{"taxonomy":"post_tag","embeddable":true,"href":"https:\/\/blog.polityka.pl\/adamczewski\/wp-json\/wp\/v2\/tags?post=11191"}],"curies":[{"name":"wp","href":"https:\/\/api.w.org\/{rel}","templated":true}]}}