
{"id":11193,"date":"2012-10-11T16:32:49","date_gmt":"2012-10-11T15:32:49","guid":{"rendered":"http:\/\/adamczewscy.pl\/?p=3640"},"modified":"2012-10-11T16:32:49","modified_gmt":"2012-10-11T15:32:49","slug":"amerykanskie-nalesniki-pancakes","status":"publish","type":"post","link":"https:\/\/blog.polityka.pl\/adamczewski\/2012\/10\/11\/amerykanskie-nalesniki-pancakes\/","title":{"rendered":"Ameryka\u0144skie nale\u015bniki (pancakes)"},"content":{"rendered":"<p><em>Szklanka m\u0105ki, 2 \u0142y\u017cki mas\u0142a, 1\/2 \u0142y\u017ceczki proszku do pieczenia,1\/2 \u0142y\u017ceczki sody,  \u0142y\u017cka cukru, szklanka ma\u015blanki,  jajko, szczypta soli<br \/>\nDo sma\u017cenia: 2 \u0142y\u017cki mas\u0142a<br \/>\nJako dodatek: konfitura lub g\u0119sty owocowy sok albo rozmro\u017cone i zmiksowane  maliny z \u0142y\u017ceczk\u0105 cukru<\/em><\/p>\n<p>1. Rozpu\u015bci\u0107 2 \u0142y\u017cki mas\u0142a, odstawi\u0107 do wystudzenia.<br \/>\n2. M\u0105k\u0119, proszek do pieczenia i sod\u0119, cukier i s\u00f3l umie\u015bci\u0107 w wysokim naczyniu, doda\u0107 ma\u015blank\u0119, rozpuszczone mas\u0142o i jajko. Zmiksowa\u0107 lub starannie wymiesza\u0107. Odstawi\u0107 na godzin\u0119.<br \/>\n3. Smarowa\u0107 lekko mas\u0142em teflonow\u0105 patelni\u0119 i sma\u017cy\u0107 placuszki wielko\u015bci po\u0142owy d\u0142oni.<br \/>\nPodawa\u0107 na gor\u0105co z dodatkiem konfitury, soku lub rozmro\u017conych i zmiksowanych malin.<\/p>\n","protected":false},"excerpt":{"rendered":"<p>Szklanka m\u0105ki, 2 \u0142y\u017cki mas\u0142a, 1\/2 \u0142y\u017ceczki proszku do pieczenia,1\/2 \u0142y\u017ceczki sody, \u0142y\u017cka cukru, szklanka ma\u015blanki, jajko, szczypta soli Do sma\u017cenia: 2 \u0142y\u017cki mas\u0142a Jako dodatek: konfitura lub g\u0119sty owocowy sok albo rozmro\u017cone i zmiksowane maliny z \u0142y\u017ceczk\u0105 cukru 1. Rozpu\u015bci\u0107 2 \u0142y\u017cki mas\u0142a, odstawi\u0107 do wystudzenia. 2. M\u0105k\u0119, proszek do pieczenia i sod\u0119, cukier [&hellip;]<\/p>\n","protected":false},"author":2,"featured_media":0,"comment_status":"open","ping_status":"open","sticky":false,"template":"","format":"standard","meta":{"footnotes":""},"categories":[1],"tags":[],"_links":{"self":[{"href":"https:\/\/blog.polityka.pl\/adamczewski\/wp-json\/wp\/v2\/posts\/11193"}],"collection":[{"href":"https:\/\/blog.polityka.pl\/adamczewski\/wp-json\/wp\/v2\/posts"}],"about":[{"href":"https:\/\/blog.polityka.pl\/adamczewski\/wp-json\/wp\/v2\/types\/post"}],"author":[{"embeddable":true,"href":"https:\/\/blog.polityka.pl\/adamczewski\/wp-json\/wp\/v2\/users\/2"}],"replies":[{"embeddable":true,"href":"https:\/\/blog.polityka.pl\/adamczewski\/wp-json\/wp\/v2\/comments?post=11193"}],"version-history":[{"count":0,"href":"https:\/\/blog.polityka.pl\/adamczewski\/wp-json\/wp\/v2\/posts\/11193\/revisions"}],"wp:attachment":[{"href":"https:\/\/blog.polityka.pl\/adamczewski\/wp-json\/wp\/v2\/media?parent=11193"}],"wp:term":[{"taxonomy":"category","embeddable":true,"href":"https:\/\/blog.polityka.pl\/adamczewski\/wp-json\/wp\/v2\/categories?post=11193"},{"taxonomy":"post_tag","embeddable":true,"href":"https:\/\/blog.polityka.pl\/adamczewski\/wp-json\/wp\/v2\/tags?post=11193"}],"curies":[{"name":"wp","href":"https:\/\/api.w.org\/{rel}","templated":true}]}}