
{"id":11194,"date":"2012-10-18T15:33:48","date_gmt":"2012-10-18T14:33:48","guid":{"rendered":"http:\/\/adamczewscy.pl\/?p=3642"},"modified":"2012-10-18T15:33:48","modified_gmt":"2012-10-18T14:33:48","slug":"sernik-%e2%80%9eugotowany","status":"publish","type":"post","link":"https:\/\/blog.polityka.pl\/adamczewski\/2012\/10\/18\/sernik-%e2%80%9eugotowany\/","title":{"rendered":"Sernik ?ugotowany&#8221;"},"content":{"rendered":"<p><em>Kostka mas\u0142a, 1 kg sera  mielonego na serniki, 2 jajka, budy\u0144  \u015bmietankowy, 1\/2 szklanki mleka, szklanka cukru, 5 ma\u0142ych opakowa\u0144 herbatnik\u00f3w<br \/>\nNa polew\u0119: 4 \u0142y\u017cki wody, 4 \u0142y\u017cki cukru, 1\/4 kostki mas\u0142a, 3 p\u0142askie \u0142y\u017cki dobrego, ciemnego kakao<br \/>\n<\/em><br \/>\n1. W garnku rozpu\u015bci\u0107 mas\u0142o, doda\u0107 ser i 2 \u017c\u00f3\u0142tka. Mieszaj\u0105c zagotowa\u0107.<br \/>\n2. Budy\u0144  wymiesza\u0107 z mlekiem i doda\u0107 do gotuj\u0105cej si\u0119 masy serowej, ponownie zagotowa\u0107 mieszaj\u0105c.<br \/>\n3. Na dnie formy u\u0142o\u017cy\u0107 herbatniki, wy\u0142o\u017cy\u0107 na nie mas\u0119 serow\u0105, przykry\u0107 wierzch sera drug\u0105 warstw\u0105 herbatnik\u00f3w.<br \/>\n4. W garnuszku zagotowa\u0107 sk\u0142adniki polewy i kiedy wyra\u017anie zg\u0119stnieje wyla\u0107 na  herbatniki, rozsmarowa\u0107 szybko d\u0142ugim, szerokim no\u017cem.<br \/>\nWierzch sernika mo\u017cna posypa\u0107 siekanymi orzechami lub migda\u0142ami .<\/p>\n","protected":false},"excerpt":{"rendered":"<p>Kostka mas\u0142a, 1 kg sera mielonego na serniki, 2 jajka, budy\u0144 \u015bmietankowy, 1\/2 szklanki mleka, szklanka cukru, 5 ma\u0142ych opakowa\u0144 herbatnik\u00f3w Na polew\u0119: 4 \u0142y\u017cki wody, 4 \u0142y\u017cki cukru, 1\/4 kostki mas\u0142a, 3 p\u0142askie \u0142y\u017cki dobrego, ciemnego kakao 1. W garnku rozpu\u015bci\u0107 mas\u0142o, doda\u0107 ser i 2 \u017c\u00f3\u0142tka. Mieszaj\u0105c zagotowa\u0107. 2. Budy\u0144 wymiesza\u0107 z mlekiem [&hellip;]<\/p>\n","protected":false},"author":2,"featured_media":0,"comment_status":"open","ping_status":"open","sticky":false,"template":"","format":"standard","meta":{"footnotes":""},"categories":[1],"tags":[],"_links":{"self":[{"href":"https:\/\/blog.polityka.pl\/adamczewski\/wp-json\/wp\/v2\/posts\/11194"}],"collection":[{"href":"https:\/\/blog.polityka.pl\/adamczewski\/wp-json\/wp\/v2\/posts"}],"about":[{"href":"https:\/\/blog.polityka.pl\/adamczewski\/wp-json\/wp\/v2\/types\/post"}],"author":[{"embeddable":true,"href":"https:\/\/blog.polityka.pl\/adamczewski\/wp-json\/wp\/v2\/users\/2"}],"replies":[{"embeddable":true,"href":"https:\/\/blog.polityka.pl\/adamczewski\/wp-json\/wp\/v2\/comments?post=11194"}],"version-history":[{"count":0,"href":"https:\/\/blog.polityka.pl\/adamczewski\/wp-json\/wp\/v2\/posts\/11194\/revisions"}],"wp:attachment":[{"href":"https:\/\/blog.polityka.pl\/adamczewski\/wp-json\/wp\/v2\/media?parent=11194"}],"wp:term":[{"taxonomy":"category","embeddable":true,"href":"https:\/\/blog.polityka.pl\/adamczewski\/wp-json\/wp\/v2\/categories?post=11194"},{"taxonomy":"post_tag","embeddable":true,"href":"https:\/\/blog.polityka.pl\/adamczewski\/wp-json\/wp\/v2\/tags?post=11194"}],"curies":[{"name":"wp","href":"https:\/\/api.w.org\/{rel}","templated":true}]}}