
{"id":11195,"date":"2012-10-18T15:34:29","date_gmt":"2012-10-18T14:34:29","guid":{"rendered":"http:\/\/adamczewscy.pl\/?p=3643"},"modified":"2012-10-18T15:34:29","modified_gmt":"2012-10-18T14:34:29","slug":"placki-miesno-serowe","status":"publish","type":"post","link":"https:\/\/blog.polityka.pl\/adamczewski\/2012\/10\/18\/placki-miesno-serowe\/","title":{"rendered":"Placki mi\u0119sno-serowe"},"content":{"rendered":"<p><em>40 dag filetu z piersi kurczaka, 1,5  szklanki startego na drobnej  tarce sera \u017c\u00f3\u0142tego, jajko, 2 \u0142y\u017cki m\u0105ki, s\u00f3l i pieprz lub Vegeta,  mleko, 4 &#8211; 5 \u0142y\u017cek oleju do sma\u017cenia<\/em><\/p>\n<p>1. Filet pokroi\u0107  na drobn\u0105 kostk\u0119, posypa\u0107 sol\u0105 i pieprzem lub veget\u0105, doda\u0107 jajko i m\u0105k\u0119, starty ser  i tyle wlewanego po \u0142y\u017cce mleka, a\u017c masa osi\u0105gnie g\u0119sto\u015b\u0107 ciasta na placki kartoflane.<br \/>\n2. Na patelni rozgrza\u0107 olej i nak\u0142ada\u0107 \u0142y\u017ck\u0105 placuszki, kt\u00f3re sma\u017cy\u0107 na nie nazbyt silnym ogniu.<br \/>\nPodawa\u0107 na gor\u0105co, dodatkiem ziemniak\u00f3w z wody i pikantnej sur\u00f3wki.<\/p>\n","protected":false},"excerpt":{"rendered":"<p>40 dag filetu z piersi kurczaka, 1,5 szklanki startego na drobnej tarce sera \u017c\u00f3\u0142tego, jajko, 2 \u0142y\u017cki m\u0105ki, s\u00f3l i pieprz lub Vegeta, mleko, 4 &#8211; 5 \u0142y\u017cek oleju do sma\u017cenia 1. Filet pokroi\u0107 na drobn\u0105 kostk\u0119, posypa\u0107 sol\u0105 i pieprzem lub veget\u0105, doda\u0107 jajko i m\u0105k\u0119, starty ser i tyle wlewanego po \u0142y\u017cce mleka, [&hellip;]<\/p>\n","protected":false},"author":2,"featured_media":0,"comment_status":"open","ping_status":"open","sticky":false,"template":"","format":"standard","meta":{"footnotes":""},"categories":[1],"tags":[],"_links":{"self":[{"href":"https:\/\/blog.polityka.pl\/adamczewski\/wp-json\/wp\/v2\/posts\/11195"}],"collection":[{"href":"https:\/\/blog.polityka.pl\/adamczewski\/wp-json\/wp\/v2\/posts"}],"about":[{"href":"https:\/\/blog.polityka.pl\/adamczewski\/wp-json\/wp\/v2\/types\/post"}],"author":[{"embeddable":true,"href":"https:\/\/blog.polityka.pl\/adamczewski\/wp-json\/wp\/v2\/users\/2"}],"replies":[{"embeddable":true,"href":"https:\/\/blog.polityka.pl\/adamczewski\/wp-json\/wp\/v2\/comments?post=11195"}],"version-history":[{"count":0,"href":"https:\/\/blog.polityka.pl\/adamczewski\/wp-json\/wp\/v2\/posts\/11195\/revisions"}],"wp:attachment":[{"href":"https:\/\/blog.polityka.pl\/adamczewski\/wp-json\/wp\/v2\/media?parent=11195"}],"wp:term":[{"taxonomy":"category","embeddable":true,"href":"https:\/\/blog.polityka.pl\/adamczewski\/wp-json\/wp\/v2\/categories?post=11195"},{"taxonomy":"post_tag","embeddable":true,"href":"https:\/\/blog.polityka.pl\/adamczewski\/wp-json\/wp\/v2\/tags?post=11195"}],"curies":[{"name":"wp","href":"https:\/\/api.w.org\/{rel}","templated":true}]}}