
{"id":11198,"date":"2012-10-26T09:04:03","date_gmt":"2012-10-26T08:04:03","guid":{"rendered":"http:\/\/adamczewscy.pl\/?p=3649"},"modified":"2012-10-26T09:04:03","modified_gmt":"2012-10-26T08:04:03","slug":"tarta-czekoladowa","status":"publish","type":"post","link":"https:\/\/blog.polityka.pl\/adamczewski\/2012\/10\/26\/tarta-czekoladowa\/","title":{"rendered":"Tarta czekoladowa"},"content":{"rendered":"<p><em>25 dag gotowego ciasta francuskiego, 25 dag gorzkiej czekolady,10 dag mas\u0142a, \u0142y\u017ceczka cynamonu, 2 \u017c\u00f3\u0142tka, 1\/2  szklanki cukru, 5 banan\u00f3w,  1\/2  szklanki orzech\u00f3w w\u0142oskich<\/em><\/p>\n<p>1. Ciastem francuskim wy\u0142o\u017cy\u0107 dno i boki formy do pieczenia tart, nak\u0142u\u0107 dno widelcem  i podpiec tart\u0119 w temperaturze 200 st. C oko\u0142o 20 minut.<br \/>\n2. W garnuszku umieszczonym w wi\u0119kszym naczyniu z wrz\u0105c\u0105 wod\u0105 stopi\u0107 czekolad\u0119  po\u0142aman\u0105 na drobne kawa\u0142ki, doda\u0107 \u0142y\u017ck\u0119 wody i cynamon, odstawi\u0107 do lekkiego wystudzenia.<br \/>\n3. Doda\u0107 do stopionej czekolady \u017c\u00f3\u0142tka, cukier i dok\u0142adnie utrze\u0107.<br \/>\n4. Na dnie podpieczonego ciasta u\u0142o\u017cy\u0107 pokrojone w plasterki banany, zala\u0107  je mas\u0105 czekoladow\u0105, na wierzchu u\u0142o\u017cy\u0107 po\u0142\u00f3wki orzech\u00f3w.<br \/>\n5. W nagrzanym do 170 st. C piekarniku piec tart\u0119 10 minut.<\/p>\n","protected":false},"excerpt":{"rendered":"<p>25 dag gotowego ciasta francuskiego, 25 dag gorzkiej czekolady,10 dag mas\u0142a, \u0142y\u017ceczka cynamonu, 2 \u017c\u00f3\u0142tka, 1\/2 szklanki cukru, 5 banan\u00f3w, 1\/2 szklanki orzech\u00f3w w\u0142oskich 1. Ciastem francuskim wy\u0142o\u017cy\u0107 dno i boki formy do pieczenia tart, nak\u0142u\u0107 dno widelcem i podpiec tart\u0119 w temperaturze 200 st. C oko\u0142o 20 minut. 2. W garnuszku umieszczonym w wi\u0119kszym [&hellip;]<\/p>\n","protected":false},"author":2,"featured_media":0,"comment_status":"open","ping_status":"open","sticky":false,"template":"","format":"standard","meta":{"footnotes":""},"categories":[1],"tags":[],"_links":{"self":[{"href":"https:\/\/blog.polityka.pl\/adamczewski\/wp-json\/wp\/v2\/posts\/11198"}],"collection":[{"href":"https:\/\/blog.polityka.pl\/adamczewski\/wp-json\/wp\/v2\/posts"}],"about":[{"href":"https:\/\/blog.polityka.pl\/adamczewski\/wp-json\/wp\/v2\/types\/post"}],"author":[{"embeddable":true,"href":"https:\/\/blog.polityka.pl\/adamczewski\/wp-json\/wp\/v2\/users\/2"}],"replies":[{"embeddable":true,"href":"https:\/\/blog.polityka.pl\/adamczewski\/wp-json\/wp\/v2\/comments?post=11198"}],"version-history":[{"count":0,"href":"https:\/\/blog.polityka.pl\/adamczewski\/wp-json\/wp\/v2\/posts\/11198\/revisions"}],"wp:attachment":[{"href":"https:\/\/blog.polityka.pl\/adamczewski\/wp-json\/wp\/v2\/media?parent=11198"}],"wp:term":[{"taxonomy":"category","embeddable":true,"href":"https:\/\/blog.polityka.pl\/adamczewski\/wp-json\/wp\/v2\/categories?post=11198"},{"taxonomy":"post_tag","embeddable":true,"href":"https:\/\/blog.polityka.pl\/adamczewski\/wp-json\/wp\/v2\/tags?post=11198"}],"curies":[{"name":"wp","href":"https:\/\/api.w.org\/{rel}","templated":true}]}}