
{"id":11199,"date":"2012-10-26T09:05:45","date_gmt":"2012-10-26T08:05:45","guid":{"rendered":"http:\/\/adamczewscy.pl\/?p=3650"},"modified":"2012-10-26T09:05:45","modified_gmt":"2012-10-26T08:05:45","slug":"migdalowiec-czekoladowiec","status":"publish","type":"post","link":"https:\/\/blog.polityka.pl\/adamczewski\/2012\/10\/26\/migdalowiec-czekoladowiec\/","title":{"rendered":"Migda\u0142owiec &#8211; czekoladowiec"},"content":{"rendered":"<p><em>35 dag czekolady deserowej, 20 dag mas\u0142a, 6 jaj, 1 i 1\/4 szklanki br\u0105zowego cukru,  opakowanie cukru waniliowego, 3\/4 szklanki \u015bmietanki (najlepiej 22-proc.), 1,5 szklanki m\u0105ki, 3 \u0142y\u017cki kakao,15 dag migda\u0142owych s\u0142upk\u00f3w, p\u00f3\u0142  szklanki nutelli (ok.10 dag)<\/em><\/p>\n<p>1. 15 dag czekolady po\u0142ama\u0107 na kawa\u0142eczki, w\u0142o\u017cy\u0107 do kubeczka i stopi\u0107  w kuchence mikrofalowej lub wk\u0142adaj\u0105c kubek  do wi\u0119kszego garnuszka z wrz\u0105c\u0105 wod\u0105.<br \/>\n2. Do roztopionej czekolady doda\u0107 mas\u0142o i wymiesza\u0107. Ostudzi\u0107.<br \/>\n3. Jajka zmiksowa\u0107 lub utrze\u0107 z cukrem i cukrem waniliowym na g\u0142adk\u0105 puszyst\u0105 mas\u0119.<br \/>\n4. Do czekolady z mas\u0142em  doda\u0107 mas\u0119 jajeczn\u0105, \u015bmietank\u0119, m\u0105k\u0119 i kakao, migda\u0142owe s\u0142upki. Wymiesza\u0107.<br \/>\n5. Blaszk\u0119 (25x35cm) wy\u0142o\u017cy\u0107 papierem do wypiek\u00f3w, wy\u0142o\u017cy\u0107 ciasto, rozsmarowa\u0107.<br \/>\n6. Piec w piekarniku nagrzanym do temperatury 180 st. C oko\u0142o 25 minut.<br \/>\n7. Rozpu\u015bci\u0107 w  ten sam spos\u00f3b co poprzednio pozosta\u0142\u0105 czekolad\u0119, doda\u0107 nutell\u0119 i dok\u0142adnie wymiesza\u0107. Polew\u0105 pola\u0107  zimne ju\u017c ciasto, rozsmarowa\u0107 szerokim no\u017cem.<br \/>\n8. Kiedy polewa zastygnie-pokroi\u0107 ciasto na kawa\u0142ki o rozmiarach 5&#215;5 cm.  <\/p>\n","protected":false},"excerpt":{"rendered":"<p>35 dag czekolady deserowej, 20 dag mas\u0142a, 6 jaj, 1 i 1\/4 szklanki br\u0105zowego cukru, opakowanie cukru waniliowego, 3\/4 szklanki \u015bmietanki (najlepiej 22-proc.), 1,5 szklanki m\u0105ki, 3 \u0142y\u017cki kakao,15 dag migda\u0142owych s\u0142upk\u00f3w, p\u00f3\u0142 szklanki nutelli (ok.10 dag) 1. 15 dag czekolady po\u0142ama\u0107 na kawa\u0142eczki, w\u0142o\u017cy\u0107 do kubeczka i stopi\u0107 w kuchence mikrofalowej lub wk\u0142adaj\u0105c kubek [&hellip;]<\/p>\n","protected":false},"author":2,"featured_media":0,"comment_status":"open","ping_status":"open","sticky":false,"template":"","format":"standard","meta":{"footnotes":""},"categories":[1],"tags":[],"_links":{"self":[{"href":"https:\/\/blog.polityka.pl\/adamczewski\/wp-json\/wp\/v2\/posts\/11199"}],"collection":[{"href":"https:\/\/blog.polityka.pl\/adamczewski\/wp-json\/wp\/v2\/posts"}],"about":[{"href":"https:\/\/blog.polityka.pl\/adamczewski\/wp-json\/wp\/v2\/types\/post"}],"author":[{"embeddable":true,"href":"https:\/\/blog.polityka.pl\/adamczewski\/wp-json\/wp\/v2\/users\/2"}],"replies":[{"embeddable":true,"href":"https:\/\/blog.polityka.pl\/adamczewski\/wp-json\/wp\/v2\/comments?post=11199"}],"version-history":[{"count":0,"href":"https:\/\/blog.polityka.pl\/adamczewski\/wp-json\/wp\/v2\/posts\/11199\/revisions"}],"wp:attachment":[{"href":"https:\/\/blog.polityka.pl\/adamczewski\/wp-json\/wp\/v2\/media?parent=11199"}],"wp:term":[{"taxonomy":"category","embeddable":true,"href":"https:\/\/blog.polityka.pl\/adamczewski\/wp-json\/wp\/v2\/categories?post=11199"},{"taxonomy":"post_tag","embeddable":true,"href":"https:\/\/blog.polityka.pl\/adamczewski\/wp-json\/wp\/v2\/tags?post=11199"}],"curies":[{"name":"wp","href":"https:\/\/api.w.org\/{rel}","templated":true}]}}