
{"id":11200,"date":"2012-10-26T09:06:39","date_gmt":"2012-10-26T08:06:39","guid":{"rendered":"http:\/\/adamczewscy.pl\/?p=3651"},"modified":"2012-10-26T09:06:39","modified_gmt":"2012-10-26T08:06:39","slug":"losos-w-pomaranczowym-sosie","status":"publish","type":"post","link":"https:\/\/blog.polityka.pl\/adamczewski\/2012\/10\/26\/losos-w-pomaranczowym-sosie\/","title":{"rendered":"\u0141oso\u015b w pomara\u0144czowym sosie"},"content":{"rendered":"<p><em>4 porcje filetu z \u0142ososia, \u0142y\u017ceczka soku cytrynowego, \u0142y\u017ceczka sosu sojowego, \u0142y\u017cka soku pomara\u0144czowego,2 \u0142y\u017ceczki zielonego pieprzu w ziarnach, niepe\u0142na szklanka g\u0119stej \u015bmietany, ca\u0142a pomara\u0144cza, \u0142y\u017ceczka sk\u00f3rki startej z pomara\u0144czy, 3 \u0142y\u017cki mas\u0142a, s\u00f3l, pieprz<\/em><\/p>\n<p>1. Kawa\u0142ki \u0142ososia skropi\u0107 sokiem cytrynowym, posypa\u0107 lekko sol\u0105 i pieprzem.<br \/>\n2. Z umytej pomara\u0144czy zetrze\u0107 cz\u0119\u015b\u0107 sk\u00f3rki (\u0142y\u017ceczk\u0105). Obra\u0107 owoc, podzieli\u0107 na  cz\u0105stki usuwaj\u0105c   z ka\u017cdej sk\u00f3rk\u0119.<br \/>\n3. Na \u017caroodpornym p\u00f3\u0142misku u\u0142o\u017cy\u0107 pomara\u0144czowe cz\u0105stki, na nich kawa\u0142ki ryby.<br \/>\n4. Zmiksowa\u0107 \u015bmietan\u0119 z sosem sojowym, sokiem i sk\u00f3rk\u0105 pomara\u0144czow\u0105, do sosu doda\u0107 zielony pieprz, pola\u0107 ryby .<br \/>\n5. W piekarniku nagrzanym do 200 st. C piec ryb\u0119 oko\u0142o 25 minut.<\/p>\n","protected":false},"excerpt":{"rendered":"<p>4 porcje filetu z \u0142ososia, \u0142y\u017ceczka soku cytrynowego, \u0142y\u017ceczka sosu sojowego, \u0142y\u017cka soku pomara\u0144czowego,2 \u0142y\u017ceczki zielonego pieprzu w ziarnach, niepe\u0142na szklanka g\u0119stej \u015bmietany, ca\u0142a pomara\u0144cza, \u0142y\u017ceczka sk\u00f3rki startej z pomara\u0144czy, 3 \u0142y\u017cki mas\u0142a, s\u00f3l, pieprz 1. Kawa\u0142ki \u0142ososia skropi\u0107 sokiem cytrynowym, posypa\u0107 lekko sol\u0105 i pieprzem. 2. Z umytej pomara\u0144czy zetrze\u0107 cz\u0119\u015b\u0107 sk\u00f3rki (\u0142y\u017ceczk\u0105). Obra\u0107 [&hellip;]<\/p>\n","protected":false},"author":2,"featured_media":0,"comment_status":"open","ping_status":"open","sticky":false,"template":"","format":"standard","meta":{"footnotes":""},"categories":[1],"tags":[],"_links":{"self":[{"href":"https:\/\/blog.polityka.pl\/adamczewski\/wp-json\/wp\/v2\/posts\/11200"}],"collection":[{"href":"https:\/\/blog.polityka.pl\/adamczewski\/wp-json\/wp\/v2\/posts"}],"about":[{"href":"https:\/\/blog.polityka.pl\/adamczewski\/wp-json\/wp\/v2\/types\/post"}],"author":[{"embeddable":true,"href":"https:\/\/blog.polityka.pl\/adamczewski\/wp-json\/wp\/v2\/users\/2"}],"replies":[{"embeddable":true,"href":"https:\/\/blog.polityka.pl\/adamczewski\/wp-json\/wp\/v2\/comments?post=11200"}],"version-history":[{"count":0,"href":"https:\/\/blog.polityka.pl\/adamczewski\/wp-json\/wp\/v2\/posts\/11200\/revisions"}],"wp:attachment":[{"href":"https:\/\/blog.polityka.pl\/adamczewski\/wp-json\/wp\/v2\/media?parent=11200"}],"wp:term":[{"taxonomy":"category","embeddable":true,"href":"https:\/\/blog.polityka.pl\/adamczewski\/wp-json\/wp\/v2\/categories?post=11200"},{"taxonomy":"post_tag","embeddable":true,"href":"https:\/\/blog.polityka.pl\/adamczewski\/wp-json\/wp\/v2\/tags?post=11200"}],"curies":[{"name":"wp","href":"https:\/\/api.w.org\/{rel}","templated":true}]}}