
{"id":11201,"date":"2012-10-26T09:07:35","date_gmt":"2012-10-26T08:07:35","guid":{"rendered":"http:\/\/adamczewscy.pl\/?p=3652"},"modified":"2012-10-26T09:07:35","modified_gmt":"2012-10-26T08:07:35","slug":"biszkoptowe-babki","status":"publish","type":"post","link":"https:\/\/blog.polityka.pl\/adamczewski\/2012\/10\/26\/biszkoptowe-babki\/","title":{"rendered":"Biszkoptowe babki"},"content":{"rendered":"<p><em>Szklanka m\u0105ki,15 dag mas\u0142a, \u0142y\u017ceczka proszku do pieczenia, 1 i ?  szklanki cukru pudru,6 jaj, \u0142y\u017cka soku wyci\u015bni\u0119tego z pomara\u0144czy i otarta z ca\u0142ej pomara\u0144czy sk\u00f3rka, szczypta soli,<br \/>\nDo wysmarowania foremek: \u0142y\u017cka mas\u0142a<br \/>\nPotrzebnych b\u0119dzie 20 foremek na babeczki<\/em><\/p>\n<p>1. M\u0105k\u0119 przesia\u0107 wraz z proszkiem do pieczenia.<br \/>\n2. Utrze\u0107 mas\u0142o z cukrem na puszyst\u0105 mas\u0119, dodaj\u0105c  po jednej \u0142y\u017cce m\u0105ki i po jednym jajku a na koniec wla\u0107  sok i doda\u0107 pomara\u0144czow\u0105 sk\u00f3rk\u0119 oraz s\u00f3l. Wyrobi\u0107 g\u0142adkie ciasto.<br \/>\n3. Wysmarowa\u0107 foremki mas\u0142em. Nak\u0142ada\u0107 ciasto do i ? wysoko\u015bci  foremki.<br \/>\n4. W temperaturze 200 st. C piec babeczki 25 minut.<\/p>\n","protected":false},"excerpt":{"rendered":"<p>Szklanka m\u0105ki,15 dag mas\u0142a, \u0142y\u017ceczka proszku do pieczenia, 1 i ? szklanki cukru pudru,6 jaj, \u0142y\u017cka soku wyci\u015bni\u0119tego z pomara\u0144czy i otarta z ca\u0142ej pomara\u0144czy sk\u00f3rka, szczypta soli, Do wysmarowania foremek: \u0142y\u017cka mas\u0142a Potrzebnych b\u0119dzie 20 foremek na babeczki 1. M\u0105k\u0119 przesia\u0107 wraz z proszkiem do pieczenia. 2. Utrze\u0107 mas\u0142o z cukrem na puszyst\u0105 mas\u0119, [&hellip;]<\/p>\n","protected":false},"author":2,"featured_media":0,"comment_status":"open","ping_status":"open","sticky":false,"template":"","format":"standard","meta":{"footnotes":""},"categories":[1],"tags":[],"_links":{"self":[{"href":"https:\/\/blog.polityka.pl\/adamczewski\/wp-json\/wp\/v2\/posts\/11201"}],"collection":[{"href":"https:\/\/blog.polityka.pl\/adamczewski\/wp-json\/wp\/v2\/posts"}],"about":[{"href":"https:\/\/blog.polityka.pl\/adamczewski\/wp-json\/wp\/v2\/types\/post"}],"author":[{"embeddable":true,"href":"https:\/\/blog.polityka.pl\/adamczewski\/wp-json\/wp\/v2\/users\/2"}],"replies":[{"embeddable":true,"href":"https:\/\/blog.polityka.pl\/adamczewski\/wp-json\/wp\/v2\/comments?post=11201"}],"version-history":[{"count":0,"href":"https:\/\/blog.polityka.pl\/adamczewski\/wp-json\/wp\/v2\/posts\/11201\/revisions"}],"wp:attachment":[{"href":"https:\/\/blog.polityka.pl\/adamczewski\/wp-json\/wp\/v2\/media?parent=11201"}],"wp:term":[{"taxonomy":"category","embeddable":true,"href":"https:\/\/blog.polityka.pl\/adamczewski\/wp-json\/wp\/v2\/categories?post=11201"},{"taxonomy":"post_tag","embeddable":true,"href":"https:\/\/blog.polityka.pl\/adamczewski\/wp-json\/wp\/v2\/tags?post=11201"}],"curies":[{"name":"wp","href":"https:\/\/api.w.org\/{rel}","templated":true}]}}