
{"id":11202,"date":"2012-10-26T09:09:40","date_gmt":"2012-10-26T08:09:40","guid":{"rendered":"http:\/\/adamczewscy.pl\/?p=3653"},"modified":"2012-10-26T09:09:40","modified_gmt":"2012-10-26T08:09:40","slug":"ziolowy-pstrag","status":"publish","type":"post","link":"https:\/\/blog.polityka.pl\/adamczewski\/2012\/10\/26\/ziolowy-pstrag\/","title":{"rendered":"Zio\u0142owy pstr\u0105g"},"content":{"rendered":"<p><em>2 spore pstr\u0105gi, 2  cebule, cytryna, 3 \u0142y\u017cki mas\u0142a, kieliszek bia\u0142ego wina, 2 \u0142y\u017cki siekanej zielonej pietruszki, 2 ga\u0142\u0105zki \u015bwie\u017cego estragonu lub szczypta suszonego, 4 listki sza\u0142wii lub szczypta suszonej, s\u00f3l, pieprz,  vegeta do smaku<\/em><\/p>\n<p>1. Ryby sprawi\u0107, umy\u0107, skropi\u0107 sokiem cytrynowym i  odstawi\u0107 do lod\u00f3wki na 30 minut.<br \/>\n2. Cebul\u0119 pokroi\u0107 w pi\u00f3rka i udusi\u0107 na po\u0142owie mas\u0142a. Do cebuli doda\u0107 ryby posypane veget\u0105 i pieprzem.<br \/>\n3. Ryby posypa\u0107 po wierzchu  po\u0142ow\u0105 posiekanych \u015bwie\u017cych zi\u00f3\u0142 lub po\u0142ow\u0105 porcji suszonych, pouk\u0142ada\u0107 pokrojone pozosta\u0142e mas\u0142o, podla\u0107  potraw\u0119 winem i dusi\u0107 wszystko razem oko\u0142o 30 minut.<br \/>\n4. Na koniec doda\u0107 pozosta\u0142e zio\u0142a i do smaku skropi\u0107 sokiem cytrynowym.<\/p>\n","protected":false},"excerpt":{"rendered":"<p>2 spore pstr\u0105gi, 2 cebule, cytryna, 3 \u0142y\u017cki mas\u0142a, kieliszek bia\u0142ego wina, 2 \u0142y\u017cki siekanej zielonej pietruszki, 2 ga\u0142\u0105zki \u015bwie\u017cego estragonu lub szczypta suszonego, 4 listki sza\u0142wii lub szczypta suszonej, s\u00f3l, pieprz, vegeta do smaku 1. Ryby sprawi\u0107, umy\u0107, skropi\u0107 sokiem cytrynowym i odstawi\u0107 do lod\u00f3wki na 30 minut. 2. Cebul\u0119 pokroi\u0107 w pi\u00f3rka i [&hellip;]<\/p>\n","protected":false},"author":2,"featured_media":0,"comment_status":"open","ping_status":"open","sticky":false,"template":"","format":"standard","meta":{"footnotes":""},"categories":[1],"tags":[],"_links":{"self":[{"href":"https:\/\/blog.polityka.pl\/adamczewski\/wp-json\/wp\/v2\/posts\/11202"}],"collection":[{"href":"https:\/\/blog.polityka.pl\/adamczewski\/wp-json\/wp\/v2\/posts"}],"about":[{"href":"https:\/\/blog.polityka.pl\/adamczewski\/wp-json\/wp\/v2\/types\/post"}],"author":[{"embeddable":true,"href":"https:\/\/blog.polityka.pl\/adamczewski\/wp-json\/wp\/v2\/users\/2"}],"replies":[{"embeddable":true,"href":"https:\/\/blog.polityka.pl\/adamczewski\/wp-json\/wp\/v2\/comments?post=11202"}],"version-history":[{"count":0,"href":"https:\/\/blog.polityka.pl\/adamczewski\/wp-json\/wp\/v2\/posts\/11202\/revisions"}],"wp:attachment":[{"href":"https:\/\/blog.polityka.pl\/adamczewski\/wp-json\/wp\/v2\/media?parent=11202"}],"wp:term":[{"taxonomy":"category","embeddable":true,"href":"https:\/\/blog.polityka.pl\/adamczewski\/wp-json\/wp\/v2\/categories?post=11202"},{"taxonomy":"post_tag","embeddable":true,"href":"https:\/\/blog.polityka.pl\/adamczewski\/wp-json\/wp\/v2\/tags?post=11202"}],"curies":[{"name":"wp","href":"https:\/\/api.w.org\/{rel}","templated":true}]}}