
{"id":11203,"date":"2012-11-02T11:03:12","date_gmt":"2012-11-02T10:03:12","guid":{"rendered":"http:\/\/adamczewscy.pl\/?p=3655"},"modified":"2012-11-02T11:03:12","modified_gmt":"2012-11-02T10:03:12","slug":"bardzo-zdrowe-ciasteczka","status":"publish","type":"post","link":"https:\/\/blog.polityka.pl\/adamczewski\/2012\/11\/02\/bardzo-zdrowe-ciasteczka\/","title":{"rendered":"Bardzo zdrowe ciasteczka"},"content":{"rendered":"<p><em>2 szklanki muesli z suszonymi owocami, 1\/2 szklanki mieszanki rodzynek z \u017curawin\u0105 suszon\u0105, szklanka wi\u00f3rk\u00f3w kokosowych lub mielonych orzech\u00f3w, 1\/2 szklanki pestek s\u0142onecznikowych, 2 \u0142y\u017cki miodu, najlepiej gryczanego, ze wzgl\u0119du na jego zdecydowany, ostry smak, 2 jaja, 3 \u0142y\u017cki m\u0105ki pszennej, 1\/2 szklanki oleju z pestek winogron i \u0142y\u017ceczka proszku do pieczenia<\/em><\/p>\n<p>1. W du\u017cej misce wymiesza\u0107 dok\u0142adnie wszystkie sk\u0142adniki.<br \/>\n2. Formowa\u0107 kulki wielko\u015bci du\u017cego orzecha, uk\u0142ada\u0107 na wy\u0142o\u017conej papierem do pieczenia blaszce.<br \/>\n3. Ciasteczka piec w temperaturze 180 st. C oko\u0142o 25 minut. <\/p>\n","protected":false},"excerpt":{"rendered":"<p>2 szklanki muesli z suszonymi owocami, 1\/2 szklanki mieszanki rodzynek z \u017curawin\u0105 suszon\u0105, szklanka wi\u00f3rk\u00f3w kokosowych lub mielonych orzech\u00f3w, 1\/2 szklanki pestek s\u0142onecznikowych, 2 \u0142y\u017cki miodu, najlepiej gryczanego, ze wzgl\u0119du na jego zdecydowany, ostry smak, 2 jaja, 3 \u0142y\u017cki m\u0105ki pszennej, 1\/2 szklanki oleju z pestek winogron i \u0142y\u017ceczka proszku do pieczenia 1. W du\u017cej [&hellip;]<\/p>\n","protected":false},"author":2,"featured_media":0,"comment_status":"open","ping_status":"open","sticky":false,"template":"","format":"standard","meta":{"footnotes":""},"categories":[1],"tags":[],"_links":{"self":[{"href":"https:\/\/blog.polityka.pl\/adamczewski\/wp-json\/wp\/v2\/posts\/11203"}],"collection":[{"href":"https:\/\/blog.polityka.pl\/adamczewski\/wp-json\/wp\/v2\/posts"}],"about":[{"href":"https:\/\/blog.polityka.pl\/adamczewski\/wp-json\/wp\/v2\/types\/post"}],"author":[{"embeddable":true,"href":"https:\/\/blog.polityka.pl\/adamczewski\/wp-json\/wp\/v2\/users\/2"}],"replies":[{"embeddable":true,"href":"https:\/\/blog.polityka.pl\/adamczewski\/wp-json\/wp\/v2\/comments?post=11203"}],"version-history":[{"count":0,"href":"https:\/\/blog.polityka.pl\/adamczewski\/wp-json\/wp\/v2\/posts\/11203\/revisions"}],"wp:attachment":[{"href":"https:\/\/blog.polityka.pl\/adamczewski\/wp-json\/wp\/v2\/media?parent=11203"}],"wp:term":[{"taxonomy":"category","embeddable":true,"href":"https:\/\/blog.polityka.pl\/adamczewski\/wp-json\/wp\/v2\/categories?post=11203"},{"taxonomy":"post_tag","embeddable":true,"href":"https:\/\/blog.polityka.pl\/adamczewski\/wp-json\/wp\/v2\/tags?post=11203"}],"curies":[{"name":"wp","href":"https:\/\/api.w.org\/{rel}","templated":true}]}}