
{"id":11204,"date":"2012-11-02T11:04:47","date_gmt":"2012-11-02T10:04:47","guid":{"rendered":"http:\/\/adamczewscy.pl\/?p=3656"},"modified":"2012-11-02T11:04:47","modified_gmt":"2012-11-02T10:04:47","slug":"suflet-czekoladowy-z-malinowym-sosem","status":"publish","type":"post","link":"https:\/\/blog.polityka.pl\/adamczewski\/2012\/11\/02\/suflet-czekoladowy-z-malinowym-sosem\/","title":{"rendered":"Suflet czekoladowy z malinowym sosem"},"content":{"rendered":"<p><em>2 tabliczki gorzkiej czekolady, 5 \u017c\u00f3\u0142tek i 6 bia\u0142ek,  1\/2 szklanki br\u0105zowego cukru, 2 szklanki \u015bmietany 36-proc.,  male\u0144ka fili\u017caneczka espresso<br \/>\nDo wysmarowania foremek do suflet\u00f3w tzw. suflet\u00f3wek: \u0142y\u017cka mas\u0142a; do ich wysypania: \u0142y\u017cka m\u0105ki<br \/>\nNa sos: 30 dag \u015bwie\u017cych lub mro\u017conych malin, sk\u00f3rka z jednej \u015bredniej cytryny, sok z ca\u0142ej pomara\u0144czy, 2 \u0142y\u017cki br\u0105zowego cukru, p\u00f3\u0142 \u0142y\u017ceczki kardamonu<br \/>\nDo przybrania: kilka listk\u00f3w mi\u0119ty<br \/>\n<\/em><br \/>\n1. Po\u0142ama\u0107 tabliczki czekoladowe i rozpu\u015bci\u0107 w miseczce umieszczonej w wi\u0119kszym naczyniu z gor\u0105c\u0105 wod\u0105. Po\u0142\u0105czy\u0107 z mas\u0142em i \u015bmietan\u0105 oraz kaw\u0105. Odstawi\u0107 do lekkiego ostudzenia.<br \/>\n2. Utrze\u0107 \u017c\u00f3\u0142tka na jasn\u0105 puszyst\u0105 mas\u0119 z cukrem.<br \/>\n3. Po\u0142\u0105czy\u0107 mas\u0119 czekoladow\u0105 z jajeczn\u0105. Starannie wymiesza\u0107.<br \/>\n4. Ubi\u0107 bardzo sztywn\u0105 pian\u0119 z bia\u0142ek, powoli, po kilka \u0142y\u017cek dodawa\u0107 do po\u0142\u0105czonych poprzednio obu mas i po delikatnym wymieszaniu nak\u0142ada\u0107 do posmarowanych mas\u0142em i wysypanych m\u0105k\u0105 foremek do 3\/4 ich wysoko\u015bci.<br \/>\n5. W piekarniku nagrzanym do 190 st. C piec 20 minut.<br \/>\n6. Maliny i pozosta\u0142e sk\u0142adniki umie\u015bci\u0107 w p\u0142askim rondelku i podgrzewa\u0107, a\u017c maliny si\u0119 rozpadn\u0105, przetrze\u0107 sos przez sito, pola\u0107 suflety. <\/p>\n","protected":false},"excerpt":{"rendered":"<p>2 tabliczki gorzkiej czekolady, 5 \u017c\u00f3\u0142tek i 6 bia\u0142ek, 1\/2 szklanki br\u0105zowego cukru, 2 szklanki \u015bmietany 36-proc., male\u0144ka fili\u017caneczka espresso Do wysmarowania foremek do suflet\u00f3w tzw. suflet\u00f3wek: \u0142y\u017cka mas\u0142a; do ich wysypania: \u0142y\u017cka m\u0105ki Na sos: 30 dag \u015bwie\u017cych lub mro\u017conych malin, sk\u00f3rka z jednej \u015bredniej cytryny, sok z ca\u0142ej pomara\u0144czy, 2 \u0142y\u017cki br\u0105zowego cukru, [&hellip;]<\/p>\n","protected":false},"author":2,"featured_media":0,"comment_status":"open","ping_status":"open","sticky":false,"template":"","format":"standard","meta":{"footnotes":""},"categories":[1],"tags":[],"_links":{"self":[{"href":"https:\/\/blog.polityka.pl\/adamczewski\/wp-json\/wp\/v2\/posts\/11204"}],"collection":[{"href":"https:\/\/blog.polityka.pl\/adamczewski\/wp-json\/wp\/v2\/posts"}],"about":[{"href":"https:\/\/blog.polityka.pl\/adamczewski\/wp-json\/wp\/v2\/types\/post"}],"author":[{"embeddable":true,"href":"https:\/\/blog.polityka.pl\/adamczewski\/wp-json\/wp\/v2\/users\/2"}],"replies":[{"embeddable":true,"href":"https:\/\/blog.polityka.pl\/adamczewski\/wp-json\/wp\/v2\/comments?post=11204"}],"version-history":[{"count":0,"href":"https:\/\/blog.polityka.pl\/adamczewski\/wp-json\/wp\/v2\/posts\/11204\/revisions"}],"wp:attachment":[{"href":"https:\/\/blog.polityka.pl\/adamczewski\/wp-json\/wp\/v2\/media?parent=11204"}],"wp:term":[{"taxonomy":"category","embeddable":true,"href":"https:\/\/blog.polityka.pl\/adamczewski\/wp-json\/wp\/v2\/categories?post=11204"},{"taxonomy":"post_tag","embeddable":true,"href":"https:\/\/blog.polityka.pl\/adamczewski\/wp-json\/wp\/v2\/tags?post=11204"}],"curies":[{"name":"wp","href":"https:\/\/api.w.org\/{rel}","templated":true}]}}