
{"id":11205,"date":"2012-11-02T11:05:42","date_gmt":"2012-11-02T10:05:42","guid":{"rendered":"http:\/\/adamczewscy.pl\/?p=3657"},"modified":"2012-11-02T11:05:42","modified_gmt":"2012-11-02T10:05:42","slug":"udka-duszone-ze-swiezymi-figami","status":"publish","type":"post","link":"https:\/\/blog.polityka.pl\/adamczewski\/2012\/11\/02\/udka-duszone-ze-swiezymi-figami\/","title":{"rendered":"Udka duszone ze \u015bwie\u017cymi figami"},"content":{"rendered":"<p><em>2 wi\u0119ksze udka z kurczaka, cebula, \u0142y\u017cka mas\u0142a, s\u00f3l, pieprz, 6 &#8211; 8 \u015bwie\u017cych fig, 6 ga\u0142\u0105zek tymianku lub 1\/2 \u0142y\u017ceczki suszonego, 5 \u0142y\u017cek oliwy<br \/>\n<\/em><br \/>\n1. Posiekan\u0105 cebul\u0119 poddusi\u0107 na ma\u015ble, w rondlu, w kt\u00f3rym b\u0119dzie si\u0119 gotowa\u0107 potraw\u0119.<br \/>\n2. Udka posypa\u0107 sol\u0105 i pieprzem, obsma\u017cy\u0107 na patelni na jednej \u0142y\u017cce oliwy i prze\u0142o\u017cy\u0107 do garnka, doda\u0107 tymianek oraz figi w ca\u0142o\u015bci, skropi\u0107 pozosta\u0142\u0105 oliw\u0105.<br \/>\n3. Dusi\u0107 pod przykryciem na ma\u0142ym ogniu oko\u0142o 45 minut, do zupe\u0142nej mi\u0119kko\u015bci. <\/p>\n","protected":false},"excerpt":{"rendered":"<p>2 wi\u0119ksze udka z kurczaka, cebula, \u0142y\u017cka mas\u0142a, s\u00f3l, pieprz, 6 &#8211; 8 \u015bwie\u017cych fig, 6 ga\u0142\u0105zek tymianku lub 1\/2 \u0142y\u017ceczki suszonego, 5 \u0142y\u017cek oliwy 1. Posiekan\u0105 cebul\u0119 poddusi\u0107 na ma\u015ble, w rondlu, w kt\u00f3rym b\u0119dzie si\u0119 gotowa\u0107 potraw\u0119. 2. Udka posypa\u0107 sol\u0105 i pieprzem, obsma\u017cy\u0107 na patelni na jednej \u0142y\u017cce oliwy i prze\u0142o\u017cy\u0107 do [&hellip;]<\/p>\n","protected":false},"author":2,"featured_media":0,"comment_status":"open","ping_status":"open","sticky":false,"template":"","format":"standard","meta":{"footnotes":""},"categories":[1],"tags":[],"_links":{"self":[{"href":"https:\/\/blog.polityka.pl\/adamczewski\/wp-json\/wp\/v2\/posts\/11205"}],"collection":[{"href":"https:\/\/blog.polityka.pl\/adamczewski\/wp-json\/wp\/v2\/posts"}],"about":[{"href":"https:\/\/blog.polityka.pl\/adamczewski\/wp-json\/wp\/v2\/types\/post"}],"author":[{"embeddable":true,"href":"https:\/\/blog.polityka.pl\/adamczewski\/wp-json\/wp\/v2\/users\/2"}],"replies":[{"embeddable":true,"href":"https:\/\/blog.polityka.pl\/adamczewski\/wp-json\/wp\/v2\/comments?post=11205"}],"version-history":[{"count":0,"href":"https:\/\/blog.polityka.pl\/adamczewski\/wp-json\/wp\/v2\/posts\/11205\/revisions"}],"wp:attachment":[{"href":"https:\/\/blog.polityka.pl\/adamczewski\/wp-json\/wp\/v2\/media?parent=11205"}],"wp:term":[{"taxonomy":"category","embeddable":true,"href":"https:\/\/blog.polityka.pl\/adamczewski\/wp-json\/wp\/v2\/categories?post=11205"},{"taxonomy":"post_tag","embeddable":true,"href":"https:\/\/blog.polityka.pl\/adamczewski\/wp-json\/wp\/v2\/tags?post=11205"}],"curies":[{"name":"wp","href":"https:\/\/api.w.org\/{rel}","templated":true}]}}