
{"id":11207,"date":"2012-11-02T11:10:11","date_gmt":"2012-11-02T10:10:11","guid":{"rendered":"http:\/\/adamczewscy.pl\/?p=3659"},"modified":"2012-11-02T11:10:11","modified_gmt":"2012-11-02T10:10:11","slug":"ciasto-jablkowe-z-masa-migdalowa","status":"publish","type":"post","link":"https:\/\/blog.polityka.pl\/adamczewski\/2012\/11\/02\/ciasto-jablkowe-z-masa-migdalowa\/","title":{"rendered":"Ciasto jab\u0142kowe z mas\u0105 migda\u0142ow\u0105"},"content":{"rendered":"<p><em>Na ciasto: 2 szklanki m\u0105ki pszennej, 15 dag mas\u0142a, 2 \u0142y\u017cki wody<br \/>\nNa mas\u0119 migda\u0142ow\u0105: 5 dag zmielonych na m\u0105czk\u0119 migda\u0142\u00f3w, 5 \u0142y\u017cek cukru pudru, 1- 2 \u0142y\u017cki wody<br \/>\nNa jab\u0142kow\u0105 warstw\u0119: 4 \u015brednie kwa\u015bne jab\u0142ka, 4 \u0142y\u017cki miodu (mo\u017ce by\u0107 wielokwiatowy)<br \/>\n<\/em><br \/>\n1. Zagnie\u015b\u0107 ciasto z podanych sk\u0142adnik\u00f3w, uformowa\u0107 kul\u0119, owin\u0105\u0107 foli\u0105 i w\u0142o\u017cy\u0107 na 30 minut do lod\u00f3wki.<br \/>\n2. Migda\u0142y utrze\u0107 z cukrem i odrobin\u0105 wody na g\u0142adk\u0105 mas\u0119.<br \/>\n3. Wyj\u0119te z lod\u00f3wki ciasto rozwa\u0142kowa\u0107 i wy\u0142o\u017cy\u0107 nim wy\u0142o\u017con\u0105 papierem do wypiek\u00f3w form\u0119 do tart lub du\u017c\u0105 tortownic\u0119.<br \/>\n4. Jab\u0142ka obra\u0107, usun\u0105\u0107 gniazda nasienne i pokroi\u0107 w cienkie plasterki.<br \/>\n5. Na cie\u015bcie wy\u0142o\u017cy\u0107 warstw\u0119 masy migda\u0142owej, na niej u\u0142o\u017cy\u0107 plasterki jab\u0142ek.<br \/>\n6. W piekarniku nagrzanym do 200 st. C piec placek 30 minut, a kiedy jab\u0142ka si\u0119 zrumieni\u0105, pola\u0107 je miodem i jeszcze chwil\u0119 piec. <\/p>\n","protected":false},"excerpt":{"rendered":"<p>Na ciasto: 2 szklanki m\u0105ki pszennej, 15 dag mas\u0142a, 2 \u0142y\u017cki wody Na mas\u0119 migda\u0142ow\u0105: 5 dag zmielonych na m\u0105czk\u0119 migda\u0142\u00f3w, 5 \u0142y\u017cek cukru pudru, 1- 2 \u0142y\u017cki wody Na jab\u0142kow\u0105 warstw\u0119: 4 \u015brednie kwa\u015bne jab\u0142ka, 4 \u0142y\u017cki miodu (mo\u017ce by\u0107 wielokwiatowy) 1. Zagnie\u015b\u0107 ciasto z podanych sk\u0142adnik\u00f3w, uformowa\u0107 kul\u0119, owin\u0105\u0107 foli\u0105 i w\u0142o\u017cy\u0107 na [&hellip;]<\/p>\n","protected":false},"author":2,"featured_media":0,"comment_status":"open","ping_status":"open","sticky":false,"template":"","format":"standard","meta":{"footnotes":""},"categories":[1],"tags":[],"_links":{"self":[{"href":"https:\/\/blog.polityka.pl\/adamczewski\/wp-json\/wp\/v2\/posts\/11207"}],"collection":[{"href":"https:\/\/blog.polityka.pl\/adamczewski\/wp-json\/wp\/v2\/posts"}],"about":[{"href":"https:\/\/blog.polityka.pl\/adamczewski\/wp-json\/wp\/v2\/types\/post"}],"author":[{"embeddable":true,"href":"https:\/\/blog.polityka.pl\/adamczewski\/wp-json\/wp\/v2\/users\/2"}],"replies":[{"embeddable":true,"href":"https:\/\/blog.polityka.pl\/adamczewski\/wp-json\/wp\/v2\/comments?post=11207"}],"version-history":[{"count":0,"href":"https:\/\/blog.polityka.pl\/adamczewski\/wp-json\/wp\/v2\/posts\/11207\/revisions"}],"wp:attachment":[{"href":"https:\/\/blog.polityka.pl\/adamczewski\/wp-json\/wp\/v2\/media?parent=11207"}],"wp:term":[{"taxonomy":"category","embeddable":true,"href":"https:\/\/blog.polityka.pl\/adamczewski\/wp-json\/wp\/v2\/categories?post=11207"},{"taxonomy":"post_tag","embeddable":true,"href":"https:\/\/blog.polityka.pl\/adamczewski\/wp-json\/wp\/v2\/tags?post=11207"}],"curies":[{"name":"wp","href":"https:\/\/api.w.org\/{rel}","templated":true}]}}