
{"id":11208,"date":"2012-11-09T10:22:42","date_gmt":"2012-11-09T09:22:42","guid":{"rendered":"http:\/\/adamczewscy.pl\/?p=3662"},"modified":"2012-11-09T10:22:42","modified_gmt":"2012-11-09T09:22:42","slug":"zapiekanka-ziemniaczano-twarogowa","status":"publish","type":"post","link":"https:\/\/blog.polityka.pl\/adamczewski\/2012\/11\/09\/zapiekanka-ziemniaczano-twarogowa\/","title":{"rendered":"Zapiekanka  ziemniaczano-twarogowa"},"content":{"rendered":"<p><em>1 kg ziemniak\u00f3w, 80 dag p\u00f3\u0142t\u0142ustego twarogu, ugotowane na twardo jajko, p\u00f3\u0142 szklanki mleka, p\u00f3\u0142 \u0142y\u017ceczki kminku, s\u00f3l, \u0142y\u017cka  twardego mas\u0142a<br \/>\nDo posmarowania formy: \u0142y\u017cka  mas\u0142a<\/em><\/p>\n<p>1. Ziemniaki ugotowa\u0107 w \u0142upinach. Ostudzi\u0107, obra\u0107 i pokroi\u0107  w plasterki.<br \/>\n2. Twar\u00f3g rozetrze\u0107 przy  pomocy  widelca  doda\u0107 mleko i dok\u0142adnie wymiesza\u0107.<br \/>\n3. Posieka\u0107 jajko na twardo i doda\u0107 do twarogu z mlekiem, doda\u0107 troch\u0119 soli i pieprzu.<br \/>\n4. Wymiesza\u0107 ziemniaczane plasterki z mas\u0105 twarogow\u0105, doda\u0107 kminek sparzony na sitku  szklank\u0105  wrz\u0105cej wody.<br \/>\n5. \u017baroodporne naczynie posmarowa\u0107 mas\u0142em, prze\u0142o\u017cy\u0107 do niej ziemniaki z twarogiem.<br \/>\n6. W nagrzanym, do  180 st. C piekarniku zapieka\u0107 a\u017c zrumieni si\u0119  powierzchnia zapiekanki.<\/p>\n","protected":false},"excerpt":{"rendered":"<p>1 kg ziemniak\u00f3w, 80 dag p\u00f3\u0142t\u0142ustego twarogu, ugotowane na twardo jajko, p\u00f3\u0142 szklanki mleka, p\u00f3\u0142 \u0142y\u017ceczki kminku, s\u00f3l, \u0142y\u017cka twardego mas\u0142a Do posmarowania formy: \u0142y\u017cka mas\u0142a 1. Ziemniaki ugotowa\u0107 w \u0142upinach. Ostudzi\u0107, obra\u0107 i pokroi\u0107 w plasterki. 2. Twar\u00f3g rozetrze\u0107 przy pomocy widelca doda\u0107 mleko i dok\u0142adnie wymiesza\u0107. 3. Posieka\u0107 jajko na twardo i doda\u0107 [&hellip;]<\/p>\n","protected":false},"author":2,"featured_media":0,"comment_status":"open","ping_status":"open","sticky":false,"template":"","format":"standard","meta":{"footnotes":""},"categories":[1],"tags":[],"_links":{"self":[{"href":"https:\/\/blog.polityka.pl\/adamczewski\/wp-json\/wp\/v2\/posts\/11208"}],"collection":[{"href":"https:\/\/blog.polityka.pl\/adamczewski\/wp-json\/wp\/v2\/posts"}],"about":[{"href":"https:\/\/blog.polityka.pl\/adamczewski\/wp-json\/wp\/v2\/types\/post"}],"author":[{"embeddable":true,"href":"https:\/\/blog.polityka.pl\/adamczewski\/wp-json\/wp\/v2\/users\/2"}],"replies":[{"embeddable":true,"href":"https:\/\/blog.polityka.pl\/adamczewski\/wp-json\/wp\/v2\/comments?post=11208"}],"version-history":[{"count":0,"href":"https:\/\/blog.polityka.pl\/adamczewski\/wp-json\/wp\/v2\/posts\/11208\/revisions"}],"wp:attachment":[{"href":"https:\/\/blog.polityka.pl\/adamczewski\/wp-json\/wp\/v2\/media?parent=11208"}],"wp:term":[{"taxonomy":"category","embeddable":true,"href":"https:\/\/blog.polityka.pl\/adamczewski\/wp-json\/wp\/v2\/categories?post=11208"},{"taxonomy":"post_tag","embeddable":true,"href":"https:\/\/blog.polityka.pl\/adamczewski\/wp-json\/wp\/v2\/tags?post=11208"}],"curies":[{"name":"wp","href":"https:\/\/api.w.org\/{rel}","templated":true}]}}