
{"id":11209,"date":"2012-11-09T10:23:17","date_gmt":"2012-11-09T09:23:17","guid":{"rendered":"http:\/\/adamczewscy.pl\/?p=3663"},"modified":"2012-11-09T10:23:17","modified_gmt":"2012-11-09T09:23:17","slug":"ciasto-kruchy-cud-z-dzemem","status":"publish","type":"post","link":"https:\/\/blog.polityka.pl\/adamczewski\/2012\/11\/09\/ciasto-kruchy-cud-z-dzemem\/","title":{"rendered":"Ciasto &#8222;kruchy cud&#8221; z d\u017cemem"},"content":{"rendered":"<p><em>20 dag mas\u0142a, \u0142y\u017cka oleju, \u0142y\u017cka cukru,3 \u0142y\u017cki wody,150 g (niepe\u0142na szklanka) m\u0105ki<br \/>\nSzklanka d\u017cemu<\/em><\/p>\n<p>1. Wymiesza\u0107 w \u017caroodpornym naczyniu   mas\u0142o, olej, wod\u0119 i cukier, wstawi\u0107 do rozgrzanego do 200 st. C piekarnika i  podpieka\u0107 do momentu kiedy  zbr\u0105zowieje.<br \/>\n2. Do podgrzanej masy doda\u0107 m\u0105k\u0119, wymiesza\u0107 i  wy\u0142o\u017cy\u0107 ciastem dno i boki  formy, na wierzchu rozsmarowa\u0107 d\u017cem.<br \/>\n3. Piec  w nagrzanym do 180 st. C piekarniku  do momentu, kiedy boki wyra\u017anie si\u0119 zrumieni\u0105.<\/p>\n","protected":false},"excerpt":{"rendered":"<p>20 dag mas\u0142a, \u0142y\u017cka oleju, \u0142y\u017cka cukru,3 \u0142y\u017cki wody,150 g (niepe\u0142na szklanka) m\u0105ki Szklanka d\u017cemu 1. Wymiesza\u0107 w \u017caroodpornym naczyniu mas\u0142o, olej, wod\u0119 i cukier, wstawi\u0107 do rozgrzanego do 200 st. C piekarnika i podpieka\u0107 do momentu kiedy zbr\u0105zowieje. 2. Do podgrzanej masy doda\u0107 m\u0105k\u0119, wymiesza\u0107 i wy\u0142o\u017cy\u0107 ciastem dno i boki formy, na wierzchu [&hellip;]<\/p>\n","protected":false},"author":2,"featured_media":0,"comment_status":"open","ping_status":"open","sticky":false,"template":"","format":"standard","meta":{"footnotes":""},"categories":[1],"tags":[],"_links":{"self":[{"href":"https:\/\/blog.polityka.pl\/adamczewski\/wp-json\/wp\/v2\/posts\/11209"}],"collection":[{"href":"https:\/\/blog.polityka.pl\/adamczewski\/wp-json\/wp\/v2\/posts"}],"about":[{"href":"https:\/\/blog.polityka.pl\/adamczewski\/wp-json\/wp\/v2\/types\/post"}],"author":[{"embeddable":true,"href":"https:\/\/blog.polityka.pl\/adamczewski\/wp-json\/wp\/v2\/users\/2"}],"replies":[{"embeddable":true,"href":"https:\/\/blog.polityka.pl\/adamczewski\/wp-json\/wp\/v2\/comments?post=11209"}],"version-history":[{"count":0,"href":"https:\/\/blog.polityka.pl\/adamczewski\/wp-json\/wp\/v2\/posts\/11209\/revisions"}],"wp:attachment":[{"href":"https:\/\/blog.polityka.pl\/adamczewski\/wp-json\/wp\/v2\/media?parent=11209"}],"wp:term":[{"taxonomy":"category","embeddable":true,"href":"https:\/\/blog.polityka.pl\/adamczewski\/wp-json\/wp\/v2\/categories?post=11209"},{"taxonomy":"post_tag","embeddable":true,"href":"https:\/\/blog.polityka.pl\/adamczewski\/wp-json\/wp\/v2\/tags?post=11209"}],"curies":[{"name":"wp","href":"https:\/\/api.w.org\/{rel}","templated":true}]}}