
{"id":11211,"date":"2012-11-09T10:25:47","date_gmt":"2012-11-09T09:25:47","guid":{"rendered":"http:\/\/adamczewscy.pl\/?p=3665"},"modified":"2012-11-09T10:25:47","modified_gmt":"2012-11-09T09:25:47","slug":"karp-pikantnie-zapiekany","status":"publish","type":"post","link":"https:\/\/blog.polityka.pl\/adamczewski\/2012\/11\/09\/karp-pikantnie-zapiekany\/","title":{"rendered":"Karp pikantnie zapiekany"},"content":{"rendered":"<p><em>Ok. 1 kg filet\u00f3w a karpia, 2 z\u0105bki czosnku, puszka krojonych  pomidor\u00f3w w soku, po 1\/2 \u0142y\u017ceczki chili w proszku i suszonego oregano, 2 \u0142y\u017cki soku z cytryny, s\u00f3l, pieprz, 4 \u0142y\u017cki oleju<\/em><\/p>\n<p>1. Filety umy\u0107, osuszy\u0107, pokroi\u0107 w paski szeroko\u015bci ok.5 cm, opr\u00f3szy\u0107 sol\u0105, pieprzem, posypa\u0107 m\u0105k\u0105 i podsma\u017cy\u0107 na oleju na z\u0142ocisto.<br \/>\n2. Wymiesza\u0107 pomidory z puszki z chili, oregano, przeci\u015bni\u0119tym przez prask\u0119 czosnkiem, sokiem z cytryny oraz sol\u0105 i pieprzem.<br \/>\n3. Ryb\u0119 u\u0142o\u017cy\u0107 w naczyniu do zapiekania, pola\u0107 sosem i wstawi\u0107 do nagrzanego do 180 st. C piekarnika. Piec oko\u0142o 40 minut.<br \/>\nPodawa\u0107 z ry\u017cem.<\/p>\n","protected":false},"excerpt":{"rendered":"<p>Ok. 1 kg filet\u00f3w a karpia, 2 z\u0105bki czosnku, puszka krojonych pomidor\u00f3w w soku, po 1\/2 \u0142y\u017ceczki chili w proszku i suszonego oregano, 2 \u0142y\u017cki soku z cytryny, s\u00f3l, pieprz, 4 \u0142y\u017cki oleju 1. Filety umy\u0107, osuszy\u0107, pokroi\u0107 w paski szeroko\u015bci ok.5 cm, opr\u00f3szy\u0107 sol\u0105, pieprzem, posypa\u0107 m\u0105k\u0105 i podsma\u017cy\u0107 na oleju na z\u0142ocisto. 2. [&hellip;]<\/p>\n","protected":false},"author":2,"featured_media":0,"comment_status":"open","ping_status":"open","sticky":false,"template":"","format":"standard","meta":{"footnotes":""},"categories":[1],"tags":[],"_links":{"self":[{"href":"https:\/\/blog.polityka.pl\/adamczewski\/wp-json\/wp\/v2\/posts\/11211"}],"collection":[{"href":"https:\/\/blog.polityka.pl\/adamczewski\/wp-json\/wp\/v2\/posts"}],"about":[{"href":"https:\/\/blog.polityka.pl\/adamczewski\/wp-json\/wp\/v2\/types\/post"}],"author":[{"embeddable":true,"href":"https:\/\/blog.polityka.pl\/adamczewski\/wp-json\/wp\/v2\/users\/2"}],"replies":[{"embeddable":true,"href":"https:\/\/blog.polityka.pl\/adamczewski\/wp-json\/wp\/v2\/comments?post=11211"}],"version-history":[{"count":0,"href":"https:\/\/blog.polityka.pl\/adamczewski\/wp-json\/wp\/v2\/posts\/11211\/revisions"}],"wp:attachment":[{"href":"https:\/\/blog.polityka.pl\/adamczewski\/wp-json\/wp\/v2\/media?parent=11211"}],"wp:term":[{"taxonomy":"category","embeddable":true,"href":"https:\/\/blog.polityka.pl\/adamczewski\/wp-json\/wp\/v2\/categories?post=11211"},{"taxonomy":"post_tag","embeddable":true,"href":"https:\/\/blog.polityka.pl\/adamczewski\/wp-json\/wp\/v2\/tags?post=11211"}],"curies":[{"name":"wp","href":"https:\/\/api.w.org\/{rel}","templated":true}]}}