
{"id":11212,"date":"2012-11-09T10:26:24","date_gmt":"2012-11-09T09:26:24","guid":{"rendered":"http:\/\/adamczewscy.pl\/?p=3666"},"modified":"2012-11-09T10:26:24","modified_gmt":"2012-11-09T09:26:24","slug":"frittata-z-czerwonej-cebuli","status":"publish","type":"post","link":"https:\/\/blog.polityka.pl\/adamczewski\/2012\/11\/09\/frittata-z-czerwonej-cebuli\/","title":{"rendered":"Frittata z czerwonej cebuli"},"content":{"rendered":"<p><em>50 dag czerwonej cebuli,6 jaj,10 dag sera roquefort,3 \u0142y\u017cki oliwy,2 ga\u0142\u0105zki tymianku lub 1\/2 \u0142y\u017ceczki suszonego, s\u00f3l, pieprz<\/em><\/p>\n<p>1. Obra\u0107 cebule, na g\u0142\u0119bokiej patelni rozgrza\u0107 2 \u0142y\u017cki oliwy i  dorzuci\u0107 cebul\u0119 oraz tymianek. Dusi\u0107 25 minut na niedu\u017cym ogniu.<br \/>\n2. Rozbi\u0107 w sporym naczyniu jajka, doda\u0107 pokruszony roquefort, doda\u0107 lekko ostudzon\u0105 uduszon\u0105 cebul\u0119, s\u00f3l, pieprz i dobrze wymiesza\u0107.<br \/>\n3. Na du\u017cej patelni rozgrza\u0107 ostatni\u0105 \u0142y\u017ck\u0119 oliwy, wla\u0107 jajka z cebul\u0105 i na bardzo niedu\u017cym ogniu sma\u017cy\u0107 15 minut, po czym nakry\u0107 patelni\u0119  talerzem o  nieco wi\u0119kszej  \u015brednicy i energicznym ruchem wy\u0142o\u017cy\u0107 omlet, po czym zn\u00f3w go zsun\u0105\u0107 stron\u0105 wierzchni\u0105 do do\u0142u, aby si\u0119 i z tej strony dobrze podsma\u017cy\u0142.<br \/>\nPodawa\u0107 z sur\u00f3wk\u0105  z pomidor\u00f3w lub zielon\u0105 sa\u0142at\u0105.<\/p>\n","protected":false},"excerpt":{"rendered":"<p>50 dag czerwonej cebuli,6 jaj,10 dag sera roquefort,3 \u0142y\u017cki oliwy,2 ga\u0142\u0105zki tymianku lub 1\/2 \u0142y\u017ceczki suszonego, s\u00f3l, pieprz 1. Obra\u0107 cebule, na g\u0142\u0119bokiej patelni rozgrza\u0107 2 \u0142y\u017cki oliwy i dorzuci\u0107 cebul\u0119 oraz tymianek. Dusi\u0107 25 minut na niedu\u017cym ogniu. 2. Rozbi\u0107 w sporym naczyniu jajka, doda\u0107 pokruszony roquefort, doda\u0107 lekko ostudzon\u0105 uduszon\u0105 cebul\u0119, s\u00f3l, pieprz [&hellip;]<\/p>\n","protected":false},"author":2,"featured_media":0,"comment_status":"open","ping_status":"open","sticky":false,"template":"","format":"standard","meta":{"footnotes":""},"categories":[1],"tags":[],"_links":{"self":[{"href":"https:\/\/blog.polityka.pl\/adamczewski\/wp-json\/wp\/v2\/posts\/11212"}],"collection":[{"href":"https:\/\/blog.polityka.pl\/adamczewski\/wp-json\/wp\/v2\/posts"}],"about":[{"href":"https:\/\/blog.polityka.pl\/adamczewski\/wp-json\/wp\/v2\/types\/post"}],"author":[{"embeddable":true,"href":"https:\/\/blog.polityka.pl\/adamczewski\/wp-json\/wp\/v2\/users\/2"}],"replies":[{"embeddable":true,"href":"https:\/\/blog.polityka.pl\/adamczewski\/wp-json\/wp\/v2\/comments?post=11212"}],"version-history":[{"count":0,"href":"https:\/\/blog.polityka.pl\/adamczewski\/wp-json\/wp\/v2\/posts\/11212\/revisions"}],"wp:attachment":[{"href":"https:\/\/blog.polityka.pl\/adamczewski\/wp-json\/wp\/v2\/media?parent=11212"}],"wp:term":[{"taxonomy":"category","embeddable":true,"href":"https:\/\/blog.polityka.pl\/adamczewski\/wp-json\/wp\/v2\/categories?post=11212"},{"taxonomy":"post_tag","embeddable":true,"href":"https:\/\/blog.polityka.pl\/adamczewski\/wp-json\/wp\/v2\/tags?post=11212"}],"curies":[{"name":"wp","href":"https:\/\/api.w.org\/{rel}","templated":true}]}}