
{"id":11213,"date":"2012-11-16T12:36:52","date_gmt":"2012-11-16T11:36:52","guid":{"rendered":"http:\/\/adamczewscy.pl\/?p=3668"},"modified":"2012-11-16T12:36:52","modified_gmt":"2012-11-16T11:36:52","slug":"zapiekanka-lososiowa","status":"publish","type":"post","link":"https:\/\/blog.polityka.pl\/adamczewski\/2012\/11\/16\/zapiekanka-lososiowa\/","title":{"rendered":"Zapiekanka \u0142ososiowa"},"content":{"rendered":"<p><em>20 dag w\u0119dzonego \u0142ososia,50 dag makaronu rurki lub \u015bwiderki, 20 dag startej mozzarelli,1\/2 szklanki \u015bmietanki 30-proc.3 \u0142y\u017cki siekanego koperku lub posiekanej zielonej pietruszki ,\u0142y\u017cka siekanej bazylii,3 \u0142y\u017cki oliwy z oliwek, sok z cytryny, s\u00f3l, pieprz<\/em><\/p>\n<p>1. Makaron ugotowa\u0107 al dente, plasterki \u0142ososia pokroi\u0107  na paski. Starty ser wymiesza\u0107 ze \u015bmietank\u0105.<br \/>\n2. Naczynie do zapiekania posmarowa\u0107 oliw\u0105, wy\u0142o\u017cy\u0107 pierwsz\u0105 warstw\u0119 makaronu, lekko posypa\u0107 sol\u0105 i pieprzem , nast\u0119pnie  u\u0142o\u017cy\u0107 warstw\u0119 \u0142ososia i zi\u00f3\u0142, na wierzchu u\u0142o\u017cy\u0107 warstw\u0119 makaronu.<br \/>\n3. Zapiekank\u0119 pola\u0107 mieszank\u0105 sera i \u015bmietanki i zn\u00f3w lekko posypa\u0107 sol\u0105 i pieprzem.<br \/>\n4. Nagrza\u0107 piekarnik do temperatury 180 st. C i zapieka\u0107 potraw\u0119 15 minut. Upieczon\u0105 potraw\u0119 skropi\u0107 sokiem cytrynowym.<\/p>\n","protected":false},"excerpt":{"rendered":"<p>20 dag w\u0119dzonego \u0142ososia,50 dag makaronu rurki lub \u015bwiderki, 20 dag startej mozzarelli,1\/2 szklanki \u015bmietanki 30-proc.3 \u0142y\u017cki siekanego koperku lub posiekanej zielonej pietruszki ,\u0142y\u017cka siekanej bazylii,3 \u0142y\u017cki oliwy z oliwek, sok z cytryny, s\u00f3l, pieprz 1. Makaron ugotowa\u0107 al dente, plasterki \u0142ososia pokroi\u0107 na paski. Starty ser wymiesza\u0107 ze \u015bmietank\u0105. 2. Naczynie do zapiekania posmarowa\u0107 [&hellip;]<\/p>\n","protected":false},"author":2,"featured_media":0,"comment_status":"open","ping_status":"open","sticky":false,"template":"","format":"standard","meta":{"footnotes":""},"categories":[1],"tags":[],"_links":{"self":[{"href":"https:\/\/blog.polityka.pl\/adamczewski\/wp-json\/wp\/v2\/posts\/11213"}],"collection":[{"href":"https:\/\/blog.polityka.pl\/adamczewski\/wp-json\/wp\/v2\/posts"}],"about":[{"href":"https:\/\/blog.polityka.pl\/adamczewski\/wp-json\/wp\/v2\/types\/post"}],"author":[{"embeddable":true,"href":"https:\/\/blog.polityka.pl\/adamczewski\/wp-json\/wp\/v2\/users\/2"}],"replies":[{"embeddable":true,"href":"https:\/\/blog.polityka.pl\/adamczewski\/wp-json\/wp\/v2\/comments?post=11213"}],"version-history":[{"count":0,"href":"https:\/\/blog.polityka.pl\/adamczewski\/wp-json\/wp\/v2\/posts\/11213\/revisions"}],"wp:attachment":[{"href":"https:\/\/blog.polityka.pl\/adamczewski\/wp-json\/wp\/v2\/media?parent=11213"}],"wp:term":[{"taxonomy":"category","embeddable":true,"href":"https:\/\/blog.polityka.pl\/adamczewski\/wp-json\/wp\/v2\/categories?post=11213"},{"taxonomy":"post_tag","embeddable":true,"href":"https:\/\/blog.polityka.pl\/adamczewski\/wp-json\/wp\/v2\/tags?post=11213"}],"curies":[{"name":"wp","href":"https:\/\/api.w.org\/{rel}","templated":true}]}}