
{"id":11214,"date":"2012-11-16T12:37:34","date_gmt":"2012-11-16T11:37:34","guid":{"rendered":"http:\/\/adamczewscy.pl\/?p=3669"},"modified":"2012-11-16T12:37:34","modified_gmt":"2012-11-16T11:37:34","slug":"torcik-serowo-czekoladowy","status":"publish","type":"post","link":"https:\/\/blog.polityka.pl\/adamczewski\/2012\/11\/16\/torcik-serowo-czekoladowy\/","title":{"rendered":"Torcik serowo-czekoladowy"},"content":{"rendered":"<p><em>Na ciasto: 3 szklanki m\u0105ki, 1,5 kostki mas\u0142a, 2\/3 szklanki mleka, 2 \u0142y\u017ceczki proszku do pieczenia, 1,5 szklanki cukru, 6 jaj, 5 kopiastych \u0142y\u017ceczek ciemnego kakao<br \/>\nMasa: kostka mas\u0142a, 2 serki homogenizowane, cukier waniliowy, 3\/4 szklanki cukru, kilka kropelek olejku migda\u0142owego, gar\u015b\u0107 rodzynek<\/em><\/p>\n<p>1. W garnku umie\u015bci\u0107 mas\u0142o, mleko, cukier, kakao, zagotowa\u0107, odstawi\u0107 do lekkiego ostudzenia. Odla\u0107 1\/2 szklanki p\u0142ynu na polew\u0119.<br \/>\n2. Do masy doda\u0107 m\u0105k\u0119 i proszek do pieczenia  oraz \u017c\u00f3\u0142tka. wymiesza\u0107. Ubi\u0107 z bia\u0142ek pian\u0119 i doda\u0107  do ciasta ostro\u017cnie  mieszaj\u0105c. Piec w tortownicy40 minut w temperaturze 180 st. C. Po upieczeniu och\u0142odzi\u0107 ciasto.<br \/>\n3. Utrze\u0107 mas\u0142o z cukrem, serkami homogenizowanymi, doda\u0107 olejek migda\u0142owy, cukier waniliowy i rodzynki. Lekko sch\u0142odzi\u0107 mas\u0119 serow\u0105.<br \/>\n4. Przekroi\u0107 upieczone ciasto na  dwa placki, prze\u0142o\u017cy\u0107 mas\u0105 serowo ma\u015blan\u0105. Pola\u0107 pozostawion\u0105 polew\u0105.<\/p>\n","protected":false},"excerpt":{"rendered":"<p>Na ciasto: 3 szklanki m\u0105ki, 1,5 kostki mas\u0142a, 2\/3 szklanki mleka, 2 \u0142y\u017ceczki proszku do pieczenia, 1,5 szklanki cukru, 6 jaj, 5 kopiastych \u0142y\u017ceczek ciemnego kakao Masa: kostka mas\u0142a, 2 serki homogenizowane, cukier waniliowy, 3\/4 szklanki cukru, kilka kropelek olejku migda\u0142owego, gar\u015b\u0107 rodzynek 1. W garnku umie\u015bci\u0107 mas\u0142o, mleko, cukier, kakao, zagotowa\u0107, odstawi\u0107 do lekkiego [&hellip;]<\/p>\n","protected":false},"author":2,"featured_media":0,"comment_status":"open","ping_status":"open","sticky":false,"template":"","format":"standard","meta":{"footnotes":""},"categories":[1],"tags":[],"_links":{"self":[{"href":"https:\/\/blog.polityka.pl\/adamczewski\/wp-json\/wp\/v2\/posts\/11214"}],"collection":[{"href":"https:\/\/blog.polityka.pl\/adamczewski\/wp-json\/wp\/v2\/posts"}],"about":[{"href":"https:\/\/blog.polityka.pl\/adamczewski\/wp-json\/wp\/v2\/types\/post"}],"author":[{"embeddable":true,"href":"https:\/\/blog.polityka.pl\/adamczewski\/wp-json\/wp\/v2\/users\/2"}],"replies":[{"embeddable":true,"href":"https:\/\/blog.polityka.pl\/adamczewski\/wp-json\/wp\/v2\/comments?post=11214"}],"version-history":[{"count":0,"href":"https:\/\/blog.polityka.pl\/adamczewski\/wp-json\/wp\/v2\/posts\/11214\/revisions"}],"wp:attachment":[{"href":"https:\/\/blog.polityka.pl\/adamczewski\/wp-json\/wp\/v2\/media?parent=11214"}],"wp:term":[{"taxonomy":"category","embeddable":true,"href":"https:\/\/blog.polityka.pl\/adamczewski\/wp-json\/wp\/v2\/categories?post=11214"},{"taxonomy":"post_tag","embeddable":true,"href":"https:\/\/blog.polityka.pl\/adamczewski\/wp-json\/wp\/v2\/tags?post=11214"}],"curies":[{"name":"wp","href":"https:\/\/api.w.org\/{rel}","templated":true}]}}