
{"id":11215,"date":"2012-11-16T12:38:11","date_gmt":"2012-11-16T11:38:11","guid":{"rendered":"http:\/\/adamczewscy.pl\/?p=3670"},"modified":"2012-11-16T12:38:11","modified_gmt":"2012-11-16T11:38:11","slug":"tarta-brokulowa-2","status":"publish","type":"post","link":"https:\/\/blog.polityka.pl\/adamczewski\/2012\/11\/16\/tarta-brokulowa-2\/","title":{"rendered":"Tarta broku\u0142owa"},"content":{"rendered":"<p><em>Na ciasto: 1,5 szklanki m\u0105ki,1\/2 kostki mas\u0142a, \u017c\u00f3\u0142tko<br \/>\nNa farsz: du\u017cy  broku\u0142, kawa\u0142ek czerwonej papryki<br \/>\nNa sos: 1\/2 szklanki  \u015bmietanki najlepiej 18-proc.,2 \u0142y\u017cki mas\u0142a,cebula,2 \u0142y\u017cki m\u0105ki,1,5 szklanki startego sera \u017c\u00f3\u0142tego<br \/>\nDo posmarowania formy: \u0142y\u017cka mas\u0142a<\/em><\/p>\n<p>1. Zagnie\u015b\u0107 ciasto: m\u0105k\u0119, mas\u0142o i \u017c\u00f3\u0142tko oraz odrobink\u0119 wody(nawet do 1\/2 szklanki).Zawin\u0105\u0107 w foli\u0119 i w\u0142o\u017cy\u0107 do lod\u00f3wki.<br \/>\n2. Przygotowa\u0107 sos: na roztopionym ma\u015ble zeszkli\u0107 drobno posiekan\u0105 cebul\u0119, doda\u0107 m\u0105k\u0119, wla\u0107  \u015bmietan\u0119 i po wymieszaniu sosu doda\u0107 jeszcze starty ser. Mieszaj\u0105c doprowadzi\u0107 do powstania jednolitego sosu.<br \/>\n3. Broku\u0142a  podzieli\u0107 na ma\u0142e r\u00f3\u017cyczki, wrzuci\u0107 na 2 minuty na wrz\u0105tek, odcedzi\u0107. Papryk\u0119 pokroi\u0107 w cienkie paski.<br \/>\n4. Posmarowa\u0107 form\u0119 mas\u0142em, wylepi\u0107 ja ciastem formuj\u0105c tak\u017ce wysokie boki. W temperaturze 200 st. C podpieka\u0107  oko\u0142o 10 minut.<br \/>\n5. Na podpieczonym cie\u015bcie u\u0142o\u017cy\u0107 broku\u0142y i papryk\u0119, zala\u0107 sosem. Zapieka\u0107 15 minut.<\/p>\n","protected":false},"excerpt":{"rendered":"<p>Na ciasto: 1,5 szklanki m\u0105ki,1\/2 kostki mas\u0142a, \u017c\u00f3\u0142tko Na farsz: du\u017cy broku\u0142, kawa\u0142ek czerwonej papryki Na sos: 1\/2 szklanki \u015bmietanki najlepiej 18-proc.,2 \u0142y\u017cki mas\u0142a,cebula,2 \u0142y\u017cki m\u0105ki,1,5 szklanki startego sera \u017c\u00f3\u0142tego Do posmarowania formy: \u0142y\u017cka mas\u0142a 1. Zagnie\u015b\u0107 ciasto: m\u0105k\u0119, mas\u0142o i \u017c\u00f3\u0142tko oraz odrobink\u0119 wody(nawet do 1\/2 szklanki).Zawin\u0105\u0107 w foli\u0119 i w\u0142o\u017cy\u0107 do lod\u00f3wki. 2. [&hellip;]<\/p>\n","protected":false},"author":2,"featured_media":0,"comment_status":"open","ping_status":"open","sticky":false,"template":"","format":"standard","meta":{"footnotes":""},"categories":[1],"tags":[],"_links":{"self":[{"href":"https:\/\/blog.polityka.pl\/adamczewski\/wp-json\/wp\/v2\/posts\/11215"}],"collection":[{"href":"https:\/\/blog.polityka.pl\/adamczewski\/wp-json\/wp\/v2\/posts"}],"about":[{"href":"https:\/\/blog.polityka.pl\/adamczewski\/wp-json\/wp\/v2\/types\/post"}],"author":[{"embeddable":true,"href":"https:\/\/blog.polityka.pl\/adamczewski\/wp-json\/wp\/v2\/users\/2"}],"replies":[{"embeddable":true,"href":"https:\/\/blog.polityka.pl\/adamczewski\/wp-json\/wp\/v2\/comments?post=11215"}],"version-history":[{"count":0,"href":"https:\/\/blog.polityka.pl\/adamczewski\/wp-json\/wp\/v2\/posts\/11215\/revisions"}],"wp:attachment":[{"href":"https:\/\/blog.polityka.pl\/adamczewski\/wp-json\/wp\/v2\/media?parent=11215"}],"wp:term":[{"taxonomy":"category","embeddable":true,"href":"https:\/\/blog.polityka.pl\/adamczewski\/wp-json\/wp\/v2\/categories?post=11215"},{"taxonomy":"post_tag","embeddable":true,"href":"https:\/\/blog.polityka.pl\/adamczewski\/wp-json\/wp\/v2\/tags?post=11215"}],"curies":[{"name":"wp","href":"https:\/\/api.w.org\/{rel}","templated":true}]}}