
{"id":11216,"date":"2012-11-16T12:39:06","date_gmt":"2012-11-16T11:39:06","guid":{"rendered":"http:\/\/adamczewscy.pl\/?p=3671"},"modified":"2012-11-16T12:39:06","modified_gmt":"2012-11-16T11:39:06","slug":"zeberka-w-cebuli","status":"publish","type":"post","link":"https:\/\/blog.polityka.pl\/adamczewski\/2012\/11\/16\/zeberka-w-cebuli\/","title":{"rendered":"\u017beberka w cebuli"},"content":{"rendered":"<p><em>1 kg \u017ceberek wieprzowych,4 \u0142y\u017cki oleju, \u0142y\u017ceczka vegety, \u0142y\u017ceczka ostrej papryki w proszku, szczypta majeranku, s\u00f3l, pieprz, 2 du\u017ce cebule, 2 li\u015bcie laurowe<\/em><\/p>\n<p>1. \u017beberka umy\u0107, osuszy\u0107, podzieli\u0107 na porcje, posypa\u0107 sol\u0105, pieprzem ,ostr\u0105 papryk\u0105, veget\u0105 i majerankiem. Odstawi\u0107 na godzin\u0119.<br \/>\n2. Cebule pokroi\u0107 w pi\u00f3rka.<br \/>\n3. Rozgrza\u0107 w rondlu olej, obsma\u017cy\u0107 \u017ceberka z obu stron, doda\u0107 cebul\u0119, dola\u0107 p\u00f3\u0142 szklanki wody i dusi\u0107 \u017ceberka oko\u0142o 1,5 godziny. Od czasu do czasu miesza\u0107 i dolewa\u0107 wody.<br \/>\nPodawa\u0107 z kasz\u0105 gryczan\u0105 ugotowan\u0105 na sypko.<\/p>\n","protected":false},"excerpt":{"rendered":"<p>1 kg \u017ceberek wieprzowych,4 \u0142y\u017cki oleju, \u0142y\u017ceczka vegety, \u0142y\u017ceczka ostrej papryki w proszku, szczypta majeranku, s\u00f3l, pieprz, 2 du\u017ce cebule, 2 li\u015bcie laurowe 1. \u017beberka umy\u0107, osuszy\u0107, podzieli\u0107 na porcje, posypa\u0107 sol\u0105, pieprzem ,ostr\u0105 papryk\u0105, veget\u0105 i majerankiem. Odstawi\u0107 na godzin\u0119. 2. Cebule pokroi\u0107 w pi\u00f3rka. 3. Rozgrza\u0107 w rondlu olej, obsma\u017cy\u0107 \u017ceberka z obu [&hellip;]<\/p>\n","protected":false},"author":2,"featured_media":0,"comment_status":"open","ping_status":"open","sticky":false,"template":"","format":"standard","meta":{"footnotes":""},"categories":[1],"tags":[],"_links":{"self":[{"href":"https:\/\/blog.polityka.pl\/adamczewski\/wp-json\/wp\/v2\/posts\/11216"}],"collection":[{"href":"https:\/\/blog.polityka.pl\/adamczewski\/wp-json\/wp\/v2\/posts"}],"about":[{"href":"https:\/\/blog.polityka.pl\/adamczewski\/wp-json\/wp\/v2\/types\/post"}],"author":[{"embeddable":true,"href":"https:\/\/blog.polityka.pl\/adamczewski\/wp-json\/wp\/v2\/users\/2"}],"replies":[{"embeddable":true,"href":"https:\/\/blog.polityka.pl\/adamczewski\/wp-json\/wp\/v2\/comments?post=11216"}],"version-history":[{"count":0,"href":"https:\/\/blog.polityka.pl\/adamczewski\/wp-json\/wp\/v2\/posts\/11216\/revisions"}],"wp:attachment":[{"href":"https:\/\/blog.polityka.pl\/adamczewski\/wp-json\/wp\/v2\/media?parent=11216"}],"wp:term":[{"taxonomy":"category","embeddable":true,"href":"https:\/\/blog.polityka.pl\/adamczewski\/wp-json\/wp\/v2\/categories?post=11216"},{"taxonomy":"post_tag","embeddable":true,"href":"https:\/\/blog.polityka.pl\/adamczewski\/wp-json\/wp\/v2\/tags?post=11216"}],"curies":[{"name":"wp","href":"https:\/\/api.w.org\/{rel}","templated":true}]}}