
{"id":11217,"date":"2012-11-16T12:41:03","date_gmt":"2012-11-16T11:41:03","guid":{"rendered":"http:\/\/adamczewscy.pl\/?p=3672"},"modified":"2012-11-16T12:41:03","modified_gmt":"2012-11-16T11:41:03","slug":"cannelloni-z-miesem-i-szpinakiem","status":"publish","type":"post","link":"https:\/\/blog.polityka.pl\/adamczewski\/2012\/11\/16\/cannelloni-z-miesem-i-szpinakiem\/","title":{"rendered":"Cannelloni z mi\u0119sem i szpinakiem"},"content":{"rendered":"<p><a href=\"http:\/\/adamczewscy.pl\/wp-content\/uploads\/2007\/12\/Caneloni-z-mi\u0119sem-pod-beszamelem.jpg\"><img loading=\"lazy\" decoding=\"async\" src=\"http:\/\/adamczewscy.pl\/wp-content\/uploads\/2007\/12\/Caneloni-z-mi\u0119sem-pod-beszamelem.jpg\" alt=\"\" title=\"OLYMPUS DIGITAL CAMERA\" width=\"400\" height=\"300\" class=\"alignnone size-full wp-image-4703\" \/><\/a><\/p>\n<p><em>Opakowanie   rurek cannelloni, 50 dag mielonego z wieprzowiny lub mieszanego, 25 dag szpinaku (mo\u017ce by\u0107 mro\u017cony), szklanka startego \u017c\u00f3\u0142tego sera, ma\u0142y s\u0142oiczek koncentratu pomidorowego, jajko, 3\/4 szklanki \u015bmietany 18-proc., cebula, 3 z\u0105bki czosnku, s\u00f3l, pieprz, 3 &#8211; 4 ga\u0142\u0105zki bazylii, szczypta suszonego oregano, p\u00f3\u0142 \u0142y\u017ceczki mielonej s\u0142odkiej papryki, \u0142y\u017cka oleju<\/em><\/p>\n<p>1. Mi\u0119so wymiesza\u0107 dok\u0142adnie z sol\u0105, pieprzem, jajkiem ,rozmro\u017conym lub posiekanym szpinaku \u015bwie\u017cym, zio\u0142ami papryk\u0105 .Podsma\u017cy\u0107  na oleju drobno posiekan\u0105 cebul\u0119, doda\u0107 do mi\u0119sa, jeszcze raz wymiesza\u0107.<br \/>\n2. Farszem nadziewa\u0107 rurki cannelloni, uk\u0142ada\u0107 w \u017caroodpornym naczyniu.<br \/>\n3. Wymiesza\u0107 koncentrat pomidorowy i \u015bmietan\u0119, doprawiaj\u0105c odrobin\u0105 soli, pieprzu i cukru, doda\u0107 nieco wody, tyle, aby sosem uda\u0142o si\u0119 pokry\u0107 wszystkie rurki. Wstawi\u0107 na 20 minut do nagrzanego  do 180 st.C piekarnika.<br \/>\n4. Potraw\u0119 posypa\u0107 serem i zapieka\u0107 dalsze 20 minut.<\/p>\n","protected":false},"excerpt":{"rendered":"<p>Opakowanie rurek cannelloni, 50 dag mielonego z wieprzowiny lub mieszanego, 25 dag szpinaku (mo\u017ce by\u0107 mro\u017cony), szklanka startego \u017c\u00f3\u0142tego sera, ma\u0142y s\u0142oiczek koncentratu pomidorowego, jajko, 3\/4 szklanki \u015bmietany 18-proc., cebula, 3 z\u0105bki czosnku, s\u00f3l, pieprz, 3 &#8211; 4 ga\u0142\u0105zki bazylii, szczypta suszonego oregano, p\u00f3\u0142 \u0142y\u017ceczki mielonej s\u0142odkiej papryki, \u0142y\u017cka oleju 1. Mi\u0119so wymiesza\u0107 dok\u0142adnie z [&hellip;]<\/p>\n","protected":false},"author":2,"featured_media":0,"comment_status":"open","ping_status":"open","sticky":false,"template":"","format":"standard","meta":{"footnotes":""},"categories":[1],"tags":[],"_links":{"self":[{"href":"https:\/\/blog.polityka.pl\/adamczewski\/wp-json\/wp\/v2\/posts\/11217"}],"collection":[{"href":"https:\/\/blog.polityka.pl\/adamczewski\/wp-json\/wp\/v2\/posts"}],"about":[{"href":"https:\/\/blog.polityka.pl\/adamczewski\/wp-json\/wp\/v2\/types\/post"}],"author":[{"embeddable":true,"href":"https:\/\/blog.polityka.pl\/adamczewski\/wp-json\/wp\/v2\/users\/2"}],"replies":[{"embeddable":true,"href":"https:\/\/blog.polityka.pl\/adamczewski\/wp-json\/wp\/v2\/comments?post=11217"}],"version-history":[{"count":0,"href":"https:\/\/blog.polityka.pl\/adamczewski\/wp-json\/wp\/v2\/posts\/11217\/revisions"}],"wp:attachment":[{"href":"https:\/\/blog.polityka.pl\/adamczewski\/wp-json\/wp\/v2\/media?parent=11217"}],"wp:term":[{"taxonomy":"category","embeddable":true,"href":"https:\/\/blog.polityka.pl\/adamczewski\/wp-json\/wp\/v2\/categories?post=11217"},{"taxonomy":"post_tag","embeddable":true,"href":"https:\/\/blog.polityka.pl\/adamczewski\/wp-json\/wp\/v2\/tags?post=11217"}],"curies":[{"name":"wp","href":"https:\/\/api.w.org\/{rel}","templated":true}]}}