
{"id":11219,"date":"2012-11-22T17:08:33","date_gmt":"2012-11-22T16:08:33","guid":{"rendered":"http:\/\/adamczewscy.pl\/?p=3676"},"modified":"2012-11-22T17:08:33","modified_gmt":"2012-11-22T16:08:33","slug":"kacze-piersi-na-niedziele","status":"publish","type":"post","link":"https:\/\/blog.polityka.pl\/adamczewski\/2012\/11\/22\/kacze-piersi-na-niedziele\/","title":{"rendered":"Kacze piersi na niedziel\u0119"},"content":{"rendered":"<p><em>4 pojedyncze kacze piersi, 4 \u015brednie pomara\u0144cze, 1\/2  cytryny, 3 \u0142y\u017cki miodu, 3 \u0142y\u017cki oliwy z oliwek, kieliszeczek likieru pomara\u0144czowego lub pomara\u0144cz\u00f3wki, s\u00f3l<\/em><\/p>\n<p>1. Piersi kacze umy\u0107, osuszy\u0107 kuchennym papierowym r\u0119cznikiem, sk\u00f3rk\u0119  ponacina\u0107 (najlepiej \u017cyletk\u0105) niezbyt g\u0142\u0119boko w kratk\u0119.<br \/>\n2. Przygotowa\u0107 marynat\u0119: wymiesza\u0107 sok cytrynowy z sokiem z 2 pomara\u0144cz ,doda\u0107 mi\u00f3d. Do marynaty w\u0142o\u017cy\u0107 kacze piersi i pozostawi\u0107 na co najmniej godzin\u0119.<br \/>\n3. Pozosta\u0142e 2 pomara\u0144cze dok\u0142adnie wyszorowa\u0107 i  pokroi\u0107 w cienkie plastry.<br \/>\n4. Mi\u0119so wyj\u0105\u0107 z marynaty,  osuszy\u0107 papierowym r\u0119cznikiem i obsma\u017cy\u0107 ze wszystkich stron na rozgrzanej oliwie oko\u0142o 20 minut. Powinny by\u0107 koloru karmelu.<br \/>\n5. Do sma\u017conych piersi doda\u0107 marynat\u0119 i likier lub pomara\u0144cz\u00f3wk\u0119 i dusi\u0107 razem oko\u0142o 40 minut. Pod koniec doda\u0107 pokrojone na plastry pomara\u0144cze.<br \/>\n6. Kiedy mi\u0119so jest mi\u0119kkie wyj\u0105\u0107 je wraz z plastrami pomara\u0144czy, od\u0142o\u017cy\u0107 w ciep\u0142e miejsce. Sos gotowa\u0107 do zg\u0119stnienia.<\/p>\n","protected":false},"excerpt":{"rendered":"<p>4 pojedyncze kacze piersi, 4 \u015brednie pomara\u0144cze, 1\/2 cytryny, 3 \u0142y\u017cki miodu, 3 \u0142y\u017cki oliwy z oliwek, kieliszeczek likieru pomara\u0144czowego lub pomara\u0144cz\u00f3wki, s\u00f3l 1. Piersi kacze umy\u0107, osuszy\u0107 kuchennym papierowym r\u0119cznikiem, sk\u00f3rk\u0119 ponacina\u0107 (najlepiej \u017cyletk\u0105) niezbyt g\u0142\u0119boko w kratk\u0119. 2. Przygotowa\u0107 marynat\u0119: wymiesza\u0107 sok cytrynowy z sokiem z 2 pomara\u0144cz ,doda\u0107 mi\u00f3d. Do marynaty w\u0142o\u017cy\u0107 [&hellip;]<\/p>\n","protected":false},"author":2,"featured_media":0,"comment_status":"open","ping_status":"open","sticky":false,"template":"","format":"standard","meta":{"footnotes":""},"categories":[1],"tags":[],"_links":{"self":[{"href":"https:\/\/blog.polityka.pl\/adamczewski\/wp-json\/wp\/v2\/posts\/11219"}],"collection":[{"href":"https:\/\/blog.polityka.pl\/adamczewski\/wp-json\/wp\/v2\/posts"}],"about":[{"href":"https:\/\/blog.polityka.pl\/adamczewski\/wp-json\/wp\/v2\/types\/post"}],"author":[{"embeddable":true,"href":"https:\/\/blog.polityka.pl\/adamczewski\/wp-json\/wp\/v2\/users\/2"}],"replies":[{"embeddable":true,"href":"https:\/\/blog.polityka.pl\/adamczewski\/wp-json\/wp\/v2\/comments?post=11219"}],"version-history":[{"count":0,"href":"https:\/\/blog.polityka.pl\/adamczewski\/wp-json\/wp\/v2\/posts\/11219\/revisions"}],"wp:attachment":[{"href":"https:\/\/blog.polityka.pl\/adamczewski\/wp-json\/wp\/v2\/media?parent=11219"}],"wp:term":[{"taxonomy":"category","embeddable":true,"href":"https:\/\/blog.polityka.pl\/adamczewski\/wp-json\/wp\/v2\/categories?post=11219"},{"taxonomy":"post_tag","embeddable":true,"href":"https:\/\/blog.polityka.pl\/adamczewski\/wp-json\/wp\/v2\/tags?post=11219"}],"curies":[{"name":"wp","href":"https:\/\/api.w.org\/{rel}","templated":true}]}}