
{"id":11221,"date":"2012-11-22T17:10:59","date_gmt":"2012-11-22T16:10:59","guid":{"rendered":"http:\/\/adamczewscy.pl\/?p=3680"},"modified":"2012-11-22T17:10:59","modified_gmt":"2012-11-22T16:10:59","slug":"sznycle-chrupiace","status":"publish","type":"post","link":"https:\/\/blog.polityka.pl\/adamczewski\/2012\/11\/22\/sznycle-chrupiace\/","title":{"rendered":"Sznycle chrupi\u0105ce"},"content":{"rendered":"<p><em>Podw\u00f3jna pier\u015b z kurczaka, szklanka chips\u00f3w z smaku serowym lub nachos,  jajko,  2 \u0142y\u017cki m\u0105ki, s\u00f3l, pieprz, s\u0142odka papryka,4 \u0142y\u017cki oleju do sma\u017cenia<\/em><\/p>\n<p>1. Z mi\u0119sa uformowa\u0107, lekko je rozbijaj\u0105c, 4 kotlety, posypa\u0107 pieprzem i sol\u0105.<br \/>\n2. Chipsy lub nachos wysypa\u0107 na du\u017c\u0105 desk\u0119 do mi\u0119sa, wa\u0142kiem pokruszy\u0107 na drobne kawa\u0142eczki (ale nie na proszek).<br \/>\n3. Sznycle najpierw  macza\u0107 z m\u0105ce, potem w jajku rozbitym z kilkoma kroplami wody a na koniec  w rozdrobnionych chipsach lub nachos.<br \/>\n4. Sma\u017cy\u0107  na rozgrzanym oleju z obu stron na rumiano, od\u0142o\u017cy\u0107 na kuchenny papierowy r\u0119cznik, aby ods\u0105czy\u0107 nadmiar t\u0142uszczu.<br \/>\nPodawa\u0107 z ziemniakami, frytkami lub ry\u017cem. Jako doskona\u0142y dodatek poda\u0107 mo\u017cna tak\u017ce bor\u00f3wki do mi\u0119sa.<\/p>\n","protected":false},"excerpt":{"rendered":"<p>Podw\u00f3jna pier\u015b z kurczaka, szklanka chips\u00f3w z smaku serowym lub nachos, jajko, 2 \u0142y\u017cki m\u0105ki, s\u00f3l, pieprz, s\u0142odka papryka,4 \u0142y\u017cki oleju do sma\u017cenia 1. Z mi\u0119sa uformowa\u0107, lekko je rozbijaj\u0105c, 4 kotlety, posypa\u0107 pieprzem i sol\u0105. 2. Chipsy lub nachos wysypa\u0107 na du\u017c\u0105 desk\u0119 do mi\u0119sa, wa\u0142kiem pokruszy\u0107 na drobne kawa\u0142eczki (ale nie na proszek). [&hellip;]<\/p>\n","protected":false},"author":2,"featured_media":0,"comment_status":"open","ping_status":"open","sticky":false,"template":"","format":"standard","meta":{"footnotes":""},"categories":[1],"tags":[],"_links":{"self":[{"href":"https:\/\/blog.polityka.pl\/adamczewski\/wp-json\/wp\/v2\/posts\/11221"}],"collection":[{"href":"https:\/\/blog.polityka.pl\/adamczewski\/wp-json\/wp\/v2\/posts"}],"about":[{"href":"https:\/\/blog.polityka.pl\/adamczewski\/wp-json\/wp\/v2\/types\/post"}],"author":[{"embeddable":true,"href":"https:\/\/blog.polityka.pl\/adamczewski\/wp-json\/wp\/v2\/users\/2"}],"replies":[{"embeddable":true,"href":"https:\/\/blog.polityka.pl\/adamczewski\/wp-json\/wp\/v2\/comments?post=11221"}],"version-history":[{"count":0,"href":"https:\/\/blog.polityka.pl\/adamczewski\/wp-json\/wp\/v2\/posts\/11221\/revisions"}],"wp:attachment":[{"href":"https:\/\/blog.polityka.pl\/adamczewski\/wp-json\/wp\/v2\/media?parent=11221"}],"wp:term":[{"taxonomy":"category","embeddable":true,"href":"https:\/\/blog.polityka.pl\/adamczewski\/wp-json\/wp\/v2\/categories?post=11221"},{"taxonomy":"post_tag","embeddable":true,"href":"https:\/\/blog.polityka.pl\/adamczewski\/wp-json\/wp\/v2\/tags?post=11221"}],"curies":[{"name":"wp","href":"https:\/\/api.w.org\/{rel}","templated":true}]}}