
{"id":11222,"date":"2012-11-22T17:12:48","date_gmt":"2012-11-22T16:12:48","guid":{"rendered":"http:\/\/adamczewscy.pl\/?p=3682"},"modified":"2012-11-22T17:12:48","modified_gmt":"2012-11-22T16:12:48","slug":"jablecznik-na-zdrowie","status":"publish","type":"post","link":"https:\/\/blog.polityka.pl\/adamczewski\/2012\/11\/22\/jablecznik-na-zdrowie\/","title":{"rendered":"Jab\u0142ecznik &#8222;na zdrowie&#8221;"},"content":{"rendered":"<p><em>30 dag mas\u0142a, 25 dag br\u0105zowego cukru, 8 jaj, 8 \u0142y\u017cek mleka, 2 i 3\/4 szklanki m\u0105ki pszennej razowej  (1\/2  kg), 4 \u0142y\u017ceczki proszku do pieczenia, szczypta soli<br \/>\nNa nadzienie: 1 &#8211; 1,5 kg winnych jab\u0142ek, szklanka suszonych \u017curawin<\/em><\/p>\n<p>1. Mas\u0142o, szczypt\u0119 soli i  cukier  zmiksowa\u0107 na g\u0142adk\u0105 mas\u0119, na koniec dodaj\u0105c mleko i ca\u0142e jajka.<br \/>\n2. M\u0105k\u0119 przesia\u0107 przez sito razem z proszkiem do pieczenia. Dodawa\u0107 powoli, mieszaj\u0105c, do masy ma\u015blanej.<br \/>\n3. Obrane jab\u0142ka pokroi\u0107 w plasterki.<br \/>\n4. Foremk\u0119 wy\u0142o\u017cy\u0107 papierem do pieczenia, wy\u0142o\u017cy\u0107 po\u0142ow\u0119 ciasta, u\u0142o\u017cy\u0107 na nim plasterki jab\u0142ka, posypa\u0107 suszon\u0105 \u017curawin\u0105, nakry\u0107 drug\u0105 cz\u0119\u015bci\u0105 ciasta.<br \/>\n5. W piekarniku nagrzanym do 50 st. C piec ciasto oko\u0142o 50 &#8211; 55 minut.<br \/>\nUpieczone i ostudzone ciasto, mo\u017cna posypa\u0107 cukrem pudrem.<\/p>\n","protected":false},"excerpt":{"rendered":"<p>30 dag mas\u0142a, 25 dag br\u0105zowego cukru, 8 jaj, 8 \u0142y\u017cek mleka, 2 i 3\/4 szklanki m\u0105ki pszennej razowej (1\/2 kg), 4 \u0142y\u017ceczki proszku do pieczenia, szczypta soli Na nadzienie: 1 &#8211; 1,5 kg winnych jab\u0142ek, szklanka suszonych \u017curawin 1. Mas\u0142o, szczypt\u0119 soli i cukier zmiksowa\u0107 na g\u0142adk\u0105 mas\u0119, na koniec dodaj\u0105c mleko i ca\u0142e [&hellip;]<\/p>\n","protected":false},"author":2,"featured_media":0,"comment_status":"open","ping_status":"open","sticky":false,"template":"","format":"standard","meta":{"footnotes":""},"categories":[1],"tags":[],"_links":{"self":[{"href":"https:\/\/blog.polityka.pl\/adamczewski\/wp-json\/wp\/v2\/posts\/11222"}],"collection":[{"href":"https:\/\/blog.polityka.pl\/adamczewski\/wp-json\/wp\/v2\/posts"}],"about":[{"href":"https:\/\/blog.polityka.pl\/adamczewski\/wp-json\/wp\/v2\/types\/post"}],"author":[{"embeddable":true,"href":"https:\/\/blog.polityka.pl\/adamczewski\/wp-json\/wp\/v2\/users\/2"}],"replies":[{"embeddable":true,"href":"https:\/\/blog.polityka.pl\/adamczewski\/wp-json\/wp\/v2\/comments?post=11222"}],"version-history":[{"count":0,"href":"https:\/\/blog.polityka.pl\/adamczewski\/wp-json\/wp\/v2\/posts\/11222\/revisions"}],"wp:attachment":[{"href":"https:\/\/blog.polityka.pl\/adamczewski\/wp-json\/wp\/v2\/media?parent=11222"}],"wp:term":[{"taxonomy":"category","embeddable":true,"href":"https:\/\/blog.polityka.pl\/adamczewski\/wp-json\/wp\/v2\/categories?post=11222"},{"taxonomy":"post_tag","embeddable":true,"href":"https:\/\/blog.polityka.pl\/adamczewski\/wp-json\/wp\/v2\/tags?post=11222"}],"curies":[{"name":"wp","href":"https:\/\/api.w.org\/{rel}","templated":true}]}}