
{"id":11223,"date":"2012-11-30T10:46:35","date_gmt":"2012-11-30T09:46:35","guid":{"rendered":"http:\/\/adamczewscy.pl\/?p=3693"},"modified":"2012-11-30T10:46:35","modified_gmt":"2012-11-30T09:46:35","slug":"sandacz-z-ziolowym-maslem","status":"publish","type":"post","link":"https:\/\/blog.polityka.pl\/adamczewski\/2012\/11\/30\/sandacz-z-ziolowym-maslem\/","title":{"rendered":"Sandacz z zio\u0142owym mas\u0142em"},"content":{"rendered":"<p><em>75 dag filet\u00f3w z sandacza, s\u00f3l, bia\u0142y pieprz, \u0142y\u017cka soku cytrynowego, \u0142y\u017cka m\u0105ki, 3 \u0142y\u017cki oliwy, 1\/2 kostki mas\u0142a, 3 \u0142y\u017cki posiekanej  zielonej pietruszki, 2 przeci\u015bni\u0119te przez prask\u0119 z\u0105bki czosnku<\/em><\/p>\n<p>1. Ryb\u0119 umy\u0107, osuszy\u0107 kuchennym papierowym r\u0119cznikiem, podzieli\u0107 na porcje, posypa\u0107 sol\u0105, bia\u0142ym pieprzem i lekko skropi\u0107 sokiem cytrynowym. Odstawi\u0107 na p\u00f3\u0142 godziny.<br \/>\n2. Mi\u0119kkie mas\u0142o utrze\u0107 z czosnkiem i zielon\u0105 pietruszk\u0105, u\u0142o\u017cy\u0107 na kawa\u0142ku folii do \u017cywno\u015bci, uformowa\u0107 wa\u0142ek i w\u0142o\u017cy\u0107 do zamra\u017calnika.<br \/>\n3. Ka\u017cd\u0105 porcj\u0119 ryby opr\u00f3szy\u0107 m\u0105k\u0105, usma\u017cy\u0107 na rozgrzanej oliwie na rumiano z obu stron.<br \/>\n4. Pokroi\u0107  na plasterki  wyj\u0119te z zamra\u017calnika mas\u0142o ( tyle, ile  porcji).Na ka\u017cdej porcji gor\u0105cej ryby u\u0142o\u017cy\u0107  plasterek mas\u0142a.<br \/>\nPodawa\u0107 z ziemniakami z wody.<\/p>\n","protected":false},"excerpt":{"rendered":"<p>75 dag filet\u00f3w z sandacza, s\u00f3l, bia\u0142y pieprz, \u0142y\u017cka soku cytrynowego, \u0142y\u017cka m\u0105ki, 3 \u0142y\u017cki oliwy, 1\/2 kostki mas\u0142a, 3 \u0142y\u017cki posiekanej zielonej pietruszki, 2 przeci\u015bni\u0119te przez prask\u0119 z\u0105bki czosnku 1. Ryb\u0119 umy\u0107, osuszy\u0107 kuchennym papierowym r\u0119cznikiem, podzieli\u0107 na porcje, posypa\u0107 sol\u0105, bia\u0142ym pieprzem i lekko skropi\u0107 sokiem cytrynowym. Odstawi\u0107 na p\u00f3\u0142 godziny. 2. Mi\u0119kkie [&hellip;]<\/p>\n","protected":false},"author":2,"featured_media":0,"comment_status":"open","ping_status":"open","sticky":false,"template":"","format":"standard","meta":{"footnotes":""},"categories":[1],"tags":[],"_links":{"self":[{"href":"https:\/\/blog.polityka.pl\/adamczewski\/wp-json\/wp\/v2\/posts\/11223"}],"collection":[{"href":"https:\/\/blog.polityka.pl\/adamczewski\/wp-json\/wp\/v2\/posts"}],"about":[{"href":"https:\/\/blog.polityka.pl\/adamczewski\/wp-json\/wp\/v2\/types\/post"}],"author":[{"embeddable":true,"href":"https:\/\/blog.polityka.pl\/adamczewski\/wp-json\/wp\/v2\/users\/2"}],"replies":[{"embeddable":true,"href":"https:\/\/blog.polityka.pl\/adamczewski\/wp-json\/wp\/v2\/comments?post=11223"}],"version-history":[{"count":0,"href":"https:\/\/blog.polityka.pl\/adamczewski\/wp-json\/wp\/v2\/posts\/11223\/revisions"}],"wp:attachment":[{"href":"https:\/\/blog.polityka.pl\/adamczewski\/wp-json\/wp\/v2\/media?parent=11223"}],"wp:term":[{"taxonomy":"category","embeddable":true,"href":"https:\/\/blog.polityka.pl\/adamczewski\/wp-json\/wp\/v2\/categories?post=11223"},{"taxonomy":"post_tag","embeddable":true,"href":"https:\/\/blog.polityka.pl\/adamczewski\/wp-json\/wp\/v2\/tags?post=11223"}],"curies":[{"name":"wp","href":"https:\/\/api.w.org\/{rel}","templated":true}]}}