
{"id":11224,"date":"2012-11-30T10:47:12","date_gmt":"2012-11-30T09:47:12","guid":{"rendered":"http:\/\/adamczewscy.pl\/?p=3695"},"modified":"2012-11-30T10:47:12","modified_gmt":"2012-11-30T09:47:12","slug":"krem-kalafiorowy-na-duze-przyjecie","status":"publish","type":"post","link":"https:\/\/blog.polityka.pl\/adamczewski\/2012\/11\/30\/krem-kalafiorowy-na-duze-przyjecie\/","title":{"rendered":"Krem kalafiorowy na du\u017ce przyj\u0119cie"},"content":{"rendered":"<p><em>Du\u017cy kalafior, ziemniak (powinien by\u0107 du\u017cy), \u015brednia cebula, 2 \u0142y\u017cki mas\u0142a, 4 \u0142y\u017cki oliwy z oliwek, 6 szklanek bulionu warzywnego z kostki, 2 i 1\/2 szklanki mleka, 1\/2 szklanki \u015bmietany 18-proc., 25 dag mro\u017conych kurek, 2 \u0142y\u017cki drobno posiekanego szczypiorku<\/em><\/p>\n<p>1. Podzieli\u0107 kalafior na male\u0144kie r\u00f3\u017cyczki, ziemniaka pokroi\u0107 w niedu\u017c\u0105 kostk\u0119, cebul\u0119 posieka\u0107. Wraz z mas\u0142em i \u0142y\u017ck\u0105 oliwy podgrzewa\u0107  warzywa, ale nie rumieni\u0107, po czym nakry\u0107  przykrywk\u0105 i dusi\u0107 jeszcze, mieszaj\u0105c, oko\u0142o 10 minut.<br \/>\n2. Do mi\u0119kkich warzyw doda\u0107 bulion i mleko, doprowadzi\u0107 do wrzenia, doprawi\u0107 sol\u0105 i pieprzem, po czym zdj\u0105\u0107 z ognia, doda\u0107 \u015bmietan\u0119  . Lekko sch\u0142odzi\u0107 zup\u0119 po czym starannie j\u0105 zmiksowa\u0107.<br \/>\n3. Na pozosta\u0142ej oliwie  podsma\u017cy\u0107 na rumiano rozmro\u017cone i pokrojone kurki.<br \/>\n4. Kurkami posypywa\u0107 zup\u0119 nalan\u0105 ju\u017c do talerzy lub bulion\u00f3wek, posypa\u0107 tak\u017ce siekanym  szczypiorem.<\/p>\n","protected":false},"excerpt":{"rendered":"<p>Du\u017cy kalafior, ziemniak (powinien by\u0107 du\u017cy), \u015brednia cebula, 2 \u0142y\u017cki mas\u0142a, 4 \u0142y\u017cki oliwy z oliwek, 6 szklanek bulionu warzywnego z kostki, 2 i 1\/2 szklanki mleka, 1\/2 szklanki \u015bmietany 18-proc., 25 dag mro\u017conych kurek, 2 \u0142y\u017cki drobno posiekanego szczypiorku 1. Podzieli\u0107 kalafior na male\u0144kie r\u00f3\u017cyczki, ziemniaka pokroi\u0107 w niedu\u017c\u0105 kostk\u0119, cebul\u0119 posieka\u0107. Wraz z [&hellip;]<\/p>\n","protected":false},"author":2,"featured_media":0,"comment_status":"open","ping_status":"open","sticky":false,"template":"","format":"standard","meta":{"footnotes":""},"categories":[1],"tags":[],"_links":{"self":[{"href":"https:\/\/blog.polityka.pl\/adamczewski\/wp-json\/wp\/v2\/posts\/11224"}],"collection":[{"href":"https:\/\/blog.polityka.pl\/adamczewski\/wp-json\/wp\/v2\/posts"}],"about":[{"href":"https:\/\/blog.polityka.pl\/adamczewski\/wp-json\/wp\/v2\/types\/post"}],"author":[{"embeddable":true,"href":"https:\/\/blog.polityka.pl\/adamczewski\/wp-json\/wp\/v2\/users\/2"}],"replies":[{"embeddable":true,"href":"https:\/\/blog.polityka.pl\/adamczewski\/wp-json\/wp\/v2\/comments?post=11224"}],"version-history":[{"count":0,"href":"https:\/\/blog.polityka.pl\/adamczewski\/wp-json\/wp\/v2\/posts\/11224\/revisions"}],"wp:attachment":[{"href":"https:\/\/blog.polityka.pl\/adamczewski\/wp-json\/wp\/v2\/media?parent=11224"}],"wp:term":[{"taxonomy":"category","embeddable":true,"href":"https:\/\/blog.polityka.pl\/adamczewski\/wp-json\/wp\/v2\/categories?post=11224"},{"taxonomy":"post_tag","embeddable":true,"href":"https:\/\/blog.polityka.pl\/adamczewski\/wp-json\/wp\/v2\/tags?post=11224"}],"curies":[{"name":"wp","href":"https:\/\/api.w.org\/{rel}","templated":true}]}}