
{"id":11225,"date":"2012-11-30T10:47:43","date_gmt":"2012-11-30T09:47:43","guid":{"rendered":"http:\/\/adamczewscy.pl\/?p=3697"},"modified":"2012-11-30T10:47:43","modified_gmt":"2012-11-30T09:47:43","slug":"slodki-leniuch","status":"publish","type":"post","link":"https:\/\/blog.polityka.pl\/adamczewski\/2012\/11\/30\/slodki-leniuch\/","title":{"rendered":"S\u0142odki leniuch"},"content":{"rendered":"<p><em>4 i 1\/2 szklanki m\u0105ki, 5 jaj, 2 szklanki cukru, 1 i 1\/2 szklanki oleju, 2 \u0142y\u017cki ciemnego kakao, 2 \u0142y\u017cki sody oczyszczanej, 2 \u0142y\u017ceczki cynamonu, gar\u015b\u0107 orzech\u00f3w, gar\u015b\u0107 rodzynek, 2 kg jab\u0142ek<\/em><\/p>\n<p>1. Utrze\u0107 z cukrem jaja, dodaj\u0105c po trochu olej, na koniec wsypywa\u0107 m\u0105k\u0119, sod\u0119 i kakao oraz cynamon.<br \/>\n2. Pokroi\u0107  jab\u0142ka w drobn\u0105 kostk\u0119 i wraz z bakaliami doda\u0107 do ciasta. Wymiesza\u0107.<br \/>\n3. Wy\u0142o\u017cy\u0107 ciasto na wy\u0142o\u017con\u0105 papierem do wypiek\u00f3w blaszk\u0119. Wyg\u0142adzi\u0107 wierzch.<br \/>\n4. Piec ciasto w nagrzanym do 180 st. C  piekarniku oko\u0142o 50 minut.<\/p>\n","protected":false},"excerpt":{"rendered":"<p>4 i 1\/2 szklanki m\u0105ki, 5 jaj, 2 szklanki cukru, 1 i 1\/2 szklanki oleju, 2 \u0142y\u017cki ciemnego kakao, 2 \u0142y\u017cki sody oczyszczanej, 2 \u0142y\u017ceczki cynamonu, gar\u015b\u0107 orzech\u00f3w, gar\u015b\u0107 rodzynek, 2 kg jab\u0142ek 1. Utrze\u0107 z cukrem jaja, dodaj\u0105c po trochu olej, na koniec wsypywa\u0107 m\u0105k\u0119, sod\u0119 i kakao oraz cynamon. 2. Pokroi\u0107 jab\u0142ka w [&hellip;]<\/p>\n","protected":false},"author":2,"featured_media":0,"comment_status":"open","ping_status":"open","sticky":false,"template":"","format":"standard","meta":{"footnotes":""},"categories":[1],"tags":[],"_links":{"self":[{"href":"https:\/\/blog.polityka.pl\/adamczewski\/wp-json\/wp\/v2\/posts\/11225"}],"collection":[{"href":"https:\/\/blog.polityka.pl\/adamczewski\/wp-json\/wp\/v2\/posts"}],"about":[{"href":"https:\/\/blog.polityka.pl\/adamczewski\/wp-json\/wp\/v2\/types\/post"}],"author":[{"embeddable":true,"href":"https:\/\/blog.polityka.pl\/adamczewski\/wp-json\/wp\/v2\/users\/2"}],"replies":[{"embeddable":true,"href":"https:\/\/blog.polityka.pl\/adamczewski\/wp-json\/wp\/v2\/comments?post=11225"}],"version-history":[{"count":0,"href":"https:\/\/blog.polityka.pl\/adamczewski\/wp-json\/wp\/v2\/posts\/11225\/revisions"}],"wp:attachment":[{"href":"https:\/\/blog.polityka.pl\/adamczewski\/wp-json\/wp\/v2\/media?parent=11225"}],"wp:term":[{"taxonomy":"category","embeddable":true,"href":"https:\/\/blog.polityka.pl\/adamczewski\/wp-json\/wp\/v2\/categories?post=11225"},{"taxonomy":"post_tag","embeddable":true,"href":"https:\/\/blog.polityka.pl\/adamczewski\/wp-json\/wp\/v2\/tags?post=11225"}],"curies":[{"name":"wp","href":"https:\/\/api.w.org\/{rel}","templated":true}]}}