
{"id":11226,"date":"2012-11-30T10:48:29","date_gmt":"2012-11-30T09:48:29","guid":{"rendered":"http:\/\/adamczewscy.pl\/?p=3699"},"modified":"2012-11-30T10:48:29","modified_gmt":"2012-11-30T09:48:29","slug":"kremowka-w-ciescie-francuskim","status":"publish","type":"post","link":"https:\/\/blog.polityka.pl\/adamczewski\/2012\/11\/30\/kremowka-w-ciescie-francuskim\/","title":{"rendered":"Krem\u00f3wka w cie\u015bcie francuskim"},"content":{"rendered":"<p><em>Opakowanie ciasta francuskiego<br \/>\nNa krem: 2 szklanki mleka, szklanka m\u0105ki, 1\/2 szklanki cukru,  5 \u017c\u00f3\u0142tek, cukier waniliowy, 1\/4  kostki mas\u0142a<br \/>\nDo posypania: cukier puder<\/em><\/p>\n<p>1. Podzieli\u0107 p\u0142at ciasta na dwa r\u00f3wne prostok\u0105ty, u\u0142o\u017cy\u0107 na blaszce i upiec na z\u0142ocisto.<br \/>\n2. Przygotowa\u0107 krem:  zmiksowa\u0107 szklank\u0119 mleka z \u017c\u00f3\u0142tkami i m\u0105k\u0105. Zagotowa\u0107 szklank\u0119 mleka z cukrem i mas\u0142em oraz cukrem waniliowym i wla\u0107 do wrz\u0105cego mleka, mieszaj\u0105c gotowa\u0107 krem a\u017c pojawi\u0105 si\u0119 b\u0105ble, po czym odstawi\u0107 do ostudzenia.<br \/>\n3. Kremem posmarowa\u0107 p\u0142at ciasta, przykry\u0107 drugim p\u0142atem i lekko docisn\u0105\u0107.<br \/>\n4. Wierzch ciasta posypa\u0107 cukrem pudrem, kroi\u0107  energicznym zdecydowanym ruchem, po zupe\u0142nym ostudzeniu, bardzo ostrym no\u017cem.<\/p>\n","protected":false},"excerpt":{"rendered":"<p>Opakowanie ciasta francuskiego Na krem: 2 szklanki mleka, szklanka m\u0105ki, 1\/2 szklanki cukru, 5 \u017c\u00f3\u0142tek, cukier waniliowy, 1\/4 kostki mas\u0142a Do posypania: cukier puder 1. Podzieli\u0107 p\u0142at ciasta na dwa r\u00f3wne prostok\u0105ty, u\u0142o\u017cy\u0107 na blaszce i upiec na z\u0142ocisto. 2. Przygotowa\u0107 krem: zmiksowa\u0107 szklank\u0119 mleka z \u017c\u00f3\u0142tkami i m\u0105k\u0105. Zagotowa\u0107 szklank\u0119 mleka z cukrem i [&hellip;]<\/p>\n","protected":false},"author":2,"featured_media":0,"comment_status":"open","ping_status":"open","sticky":false,"template":"","format":"standard","meta":{"footnotes":""},"categories":[1],"tags":[],"_links":{"self":[{"href":"https:\/\/blog.polityka.pl\/adamczewski\/wp-json\/wp\/v2\/posts\/11226"}],"collection":[{"href":"https:\/\/blog.polityka.pl\/adamczewski\/wp-json\/wp\/v2\/posts"}],"about":[{"href":"https:\/\/blog.polityka.pl\/adamczewski\/wp-json\/wp\/v2\/types\/post"}],"author":[{"embeddable":true,"href":"https:\/\/blog.polityka.pl\/adamczewski\/wp-json\/wp\/v2\/users\/2"}],"replies":[{"embeddable":true,"href":"https:\/\/blog.polityka.pl\/adamczewski\/wp-json\/wp\/v2\/comments?post=11226"}],"version-history":[{"count":0,"href":"https:\/\/blog.polityka.pl\/adamczewski\/wp-json\/wp\/v2\/posts\/11226\/revisions"}],"wp:attachment":[{"href":"https:\/\/blog.polityka.pl\/adamczewski\/wp-json\/wp\/v2\/media?parent=11226"}],"wp:term":[{"taxonomy":"category","embeddable":true,"href":"https:\/\/blog.polityka.pl\/adamczewski\/wp-json\/wp\/v2\/categories?post=11226"},{"taxonomy":"post_tag","embeddable":true,"href":"https:\/\/blog.polityka.pl\/adamczewski\/wp-json\/wp\/v2\/tags?post=11226"}],"curies":[{"name":"wp","href":"https:\/\/api.w.org\/{rel}","templated":true}]}}