
{"id":11232,"date":"2012-12-13T18:02:05","date_gmt":"2012-12-13T17:02:05","guid":{"rendered":"http:\/\/adamczewscy.pl\/?p=3751"},"modified":"2012-12-13T18:02:05","modified_gmt":"2012-12-13T17:02:05","slug":"karkowka-z-tymiankiem-i-marchewka","status":"publish","type":"post","link":"https:\/\/blog.polityka.pl\/adamczewski\/2012\/12\/13\/karkowka-z-tymiankiem-i-marchewka\/","title":{"rendered":"Kark\u00f3wka z tymiankiem i marchewk\u0105"},"content":{"rendered":"<p><em>Ok. 50 dag chudej kark\u00f3wki, 3 \u015brednie marchwie, 10 suszonych pomidor\u00f3w, przyprawowa kostka mi\u0119sna, \u0142y\u017cka suszonego tymianku lub 2 \u0142y\u017cki posiekanego \u015bwie\u017cego, pieprz zio\u0142owy, 3 \u0142y\u017cki m\u0105ki, 3 \u0142y\u017cki oleju, szczypta vegety<\/em><\/p>\n<p>1. Pokroi\u0107  mi\u0119so na 4 plastry, ka\u017cdy rozbi\u0107 t\u0142uczkiem, posypa\u0107 veget\u0105 i pieprzem, lekko opr\u00f3szy\u0107  \u0142y\u017ck\u0105 m\u0105ki, obsma\u017cy\u0107 na oleju na patelni, po czym prze\u0142o\u017cy\u0107 z cz\u0119\u015bci\u0105 t\u0142uszczu do rondla.<br \/>\n2. Obrane marchwie pokroi\u0107  w plasterki i doda\u0107 do garnka razem z 1\/2  szklanki gor\u0105cej wody i dusi\u0107 wszystko razem ok.15 minut.<br \/>\n3.Suszone pomidory poprzekrawa\u0107 na po\u0142\u00f3wki i doda\u0107 wraz z pokruszon\u0105 przyprawow\u0105 kostk\u0105 mi\u0119sn\u0105 do garnka. Dusi\u0107 40 minut.<br \/>\n4. Wymiesza\u0107 w 1\/2  szklanki zimnej wody 2 \u0142y\u017cki m\u0105ki, wla\u0107 do mi\u0119sa, doda\u0107 tymianek i dusi\u0107 jeszcze oko\u0142o 7 minut.<br \/>\nPodawa\u0107 z ugotowan\u0105 na sypko  kasz\u0105 j\u0119czmienn\u0105.<\/p>\n","protected":false},"excerpt":{"rendered":"<p>Ok. 50 dag chudej kark\u00f3wki, 3 \u015brednie marchwie, 10 suszonych pomidor\u00f3w, przyprawowa kostka mi\u0119sna, \u0142y\u017cka suszonego tymianku lub 2 \u0142y\u017cki posiekanego \u015bwie\u017cego, pieprz zio\u0142owy, 3 \u0142y\u017cki m\u0105ki, 3 \u0142y\u017cki oleju, szczypta vegety 1. Pokroi\u0107 mi\u0119so na 4 plastry, ka\u017cdy rozbi\u0107 t\u0142uczkiem, posypa\u0107 veget\u0105 i pieprzem, lekko opr\u00f3szy\u0107 \u0142y\u017ck\u0105 m\u0105ki, obsma\u017cy\u0107 na oleju na patelni, po [&hellip;]<\/p>\n","protected":false},"author":2,"featured_media":0,"comment_status":"open","ping_status":"open","sticky":false,"template":"","format":"standard","meta":{"footnotes":""},"categories":[1],"tags":[],"_links":{"self":[{"href":"https:\/\/blog.polityka.pl\/adamczewski\/wp-json\/wp\/v2\/posts\/11232"}],"collection":[{"href":"https:\/\/blog.polityka.pl\/adamczewski\/wp-json\/wp\/v2\/posts"}],"about":[{"href":"https:\/\/blog.polityka.pl\/adamczewski\/wp-json\/wp\/v2\/types\/post"}],"author":[{"embeddable":true,"href":"https:\/\/blog.polityka.pl\/adamczewski\/wp-json\/wp\/v2\/users\/2"}],"replies":[{"embeddable":true,"href":"https:\/\/blog.polityka.pl\/adamczewski\/wp-json\/wp\/v2\/comments?post=11232"}],"version-history":[{"count":0,"href":"https:\/\/blog.polityka.pl\/adamczewski\/wp-json\/wp\/v2\/posts\/11232\/revisions"}],"wp:attachment":[{"href":"https:\/\/blog.polityka.pl\/adamczewski\/wp-json\/wp\/v2\/media?parent=11232"}],"wp:term":[{"taxonomy":"category","embeddable":true,"href":"https:\/\/blog.polityka.pl\/adamczewski\/wp-json\/wp\/v2\/categories?post=11232"},{"taxonomy":"post_tag","embeddable":true,"href":"https:\/\/blog.polityka.pl\/adamczewski\/wp-json\/wp\/v2\/tags?post=11232"}],"curies":[{"name":"wp","href":"https:\/\/api.w.org\/{rel}","templated":true}]}}