
{"id":11234,"date":"2012-12-13T18:03:24","date_gmt":"2012-12-13T17:03:24","guid":{"rendered":"http:\/\/adamczewscy.pl\/?p=3755"},"modified":"2012-12-13T18:03:24","modified_gmt":"2012-12-13T17:03:24","slug":"placek-z-porow","status":"publish","type":"post","link":"https:\/\/blog.polityka.pl\/adamczewski\/2012\/12\/13\/placek-z-porow\/","title":{"rendered":"Placek z por\u00f3w"},"content":{"rendered":"<p><em>Na ciasto: 1,5 szklanki m\u0105ki, 12,5 dag mas\u0142a (1\/2  kostki), 1\/2  \u0142y\u017ceczki proszku  do pieczenia, 1\/2  \u0142y\u017ceczki soli, \u017c\u00f3\u0142tko, 3 \u0142y\u017cki g\u0119stej \u015bmietany;<br \/>\nna farsz: 5 por\u00f3w, 2 z\u0105bki czosnku, 3 jajka, 3 \u0142y\u017cki \u015bmietany, 4 \u0142y\u017cki oliwy, niewielka cukinia, s\u00f3l, pieprz;<br \/>\ndo posmarowania blaszki: \u0142y\u017ceczka mas\u0142a<\/em><\/p>\n<p>1. Zagnie\u015b\u0107 ciasto, roz\u0142o\u017cy\u0107 na posmarowanej mas\u0142em okr\u0105g\u0142ej blaszce, podpiec  w temperaturze 180 st. C przez 10 minut.<br \/>\n2. Pory oczy\u015bci\u0107, pokroi\u0107 w cienkie kr\u0105\u017cki, na oliwie zeszkli\u0107, doda\u0107 przeci\u015bni\u0119ty przez prask\u0119 czosnek, s\u00f3l, pieprz.<br \/>\n3. Wymiesza\u0107 jajka ze \u015bmietan\u0105, doda\u0107 podduszone pory, wyla\u0107 mas\u0119 na podpieczone ciasto.<br \/>\n4. Na wierzchu placka u\u0142o\u017cy\u0107 pokrojon\u0105  w plasterki cukini\u0119.<br \/>\n5. W nagrzanym do 200 st. C piekarniku piec jeszcze 15 minut.<br \/>\nPlacek najlepiej smakuje na ciep\u0142o.<\/p>\n","protected":false},"excerpt":{"rendered":"<p>Na ciasto: 1,5 szklanki m\u0105ki, 12,5 dag mas\u0142a (1\/2 kostki), 1\/2 \u0142y\u017ceczki proszku do pieczenia, 1\/2 \u0142y\u017ceczki soli, \u017c\u00f3\u0142tko, 3 \u0142y\u017cki g\u0119stej \u015bmietany; na farsz: 5 por\u00f3w, 2 z\u0105bki czosnku, 3 jajka, 3 \u0142y\u017cki \u015bmietany, 4 \u0142y\u017cki oliwy, niewielka cukinia, s\u00f3l, pieprz; do posmarowania blaszki: \u0142y\u017ceczka mas\u0142a 1. Zagnie\u015b\u0107 ciasto, roz\u0142o\u017cy\u0107 na posmarowanej mas\u0142em okr\u0105g\u0142ej [&hellip;]<\/p>\n","protected":false},"author":2,"featured_media":0,"comment_status":"open","ping_status":"open","sticky":false,"template":"","format":"standard","meta":{"footnotes":""},"categories":[1],"tags":[],"_links":{"self":[{"href":"https:\/\/blog.polityka.pl\/adamczewski\/wp-json\/wp\/v2\/posts\/11234"}],"collection":[{"href":"https:\/\/blog.polityka.pl\/adamczewski\/wp-json\/wp\/v2\/posts"}],"about":[{"href":"https:\/\/blog.polityka.pl\/adamczewski\/wp-json\/wp\/v2\/types\/post"}],"author":[{"embeddable":true,"href":"https:\/\/blog.polityka.pl\/adamczewski\/wp-json\/wp\/v2\/users\/2"}],"replies":[{"embeddable":true,"href":"https:\/\/blog.polityka.pl\/adamczewski\/wp-json\/wp\/v2\/comments?post=11234"}],"version-history":[{"count":0,"href":"https:\/\/blog.polityka.pl\/adamczewski\/wp-json\/wp\/v2\/posts\/11234\/revisions"}],"wp:attachment":[{"href":"https:\/\/blog.polityka.pl\/adamczewski\/wp-json\/wp\/v2\/media?parent=11234"}],"wp:term":[{"taxonomy":"category","embeddable":true,"href":"https:\/\/blog.polityka.pl\/adamczewski\/wp-json\/wp\/v2\/categories?post=11234"},{"taxonomy":"post_tag","embeddable":true,"href":"https:\/\/blog.polityka.pl\/adamczewski\/wp-json\/wp\/v2\/tags?post=11234"}],"curies":[{"name":"wp","href":"https:\/\/api.w.org\/{rel}","templated":true}]}}