
{"id":11235,"date":"2012-12-13T18:04:12","date_gmt":"2012-12-13T17:04:12","guid":{"rendered":"http:\/\/adamczewscy.pl\/?p=3757"},"modified":"2012-12-13T18:04:12","modified_gmt":"2012-12-13T17:04:12","slug":"kruche-babeczki-sliwkowe","status":"publish","type":"post","link":"https:\/\/blog.polityka.pl\/adamczewski\/2012\/12\/13\/kruche-babeczki-sliwkowe\/","title":{"rendered":"Kruche babeczki \u015bliwkowe"},"content":{"rendered":"<p><em>8 \u0142y\u017cek m\u0105ki (lub 1\/2 szklanki), 3 jajka,15 \u0142y\u017cek cukru pudru, 2 \u0142y\u017cki powide\u0142 \u015bliwkowych, 10 dag mielonych orzech\u00f3w w\u0142oskich, 1,5 \u0142y\u017ceczki proszku do pieczenia, 4 \u0142y\u017cki mleka, szczypta soli,<br \/>\ndo posmarowania foremek na babki: \u0142y\u017cka mas\u0142a;<br \/>\ndo ich wysypania: \u0142y\u017cka m\u0105ki;<br \/>\nna lukier: szklanka cukru pudru, sok z cytryny <\/em><\/p>\n<p>1. Utrze\u0107 \u017c\u00f3\u0142tka z cukrem na jasn\u0105, puszyst\u0105 mas\u0119, pod koniec dodawa\u0107 powid\u0142a, stale ucieraj\u0105c. Doda\u0107 orzechy i wymiesza\u0107.<br \/>\n2. Stale ucieraj\u0105c dodawa\u0107  do masy po \u0142y\u017cce m\u0105k\u0119 z proszkiem do pieczenia i po odrobinie ciep\u0142ego mleka.<br \/>\n3. Ubi\u0107 sztywn\u0105 pian\u0119 z bia\u0142ek ze szczypt\u0105 soli. Doda\u0107 do masy i  dok\u0142adnie lecz lekko wymiesza\u0107.<br \/>\n4. Foremki  posmarowa\u0107 mas\u0142em, wysypa\u0107 m\u0105k\u0105 i nape\u0142ni\u0107  na 1-2 cm poni\u017cej brzegu ciastem.<br \/>\n5. W piekarniku nagrzanym do 170 st. C piec babeczki  25 minut.<br \/>\n6. Po upieczeniu ostudzi\u0107, wy\u0142o\u017cy\u0107 z foremek na kratk\u0119 i pola\u0107 lukrem przygotowanym z cukru pudru wymieszanego z dodawanym po trochu sokiem cytrynowym.<\/p>\n","protected":false},"excerpt":{"rendered":"<p>8 \u0142y\u017cek m\u0105ki (lub 1\/2 szklanki), 3 jajka,15 \u0142y\u017cek cukru pudru, 2 \u0142y\u017cki powide\u0142 \u015bliwkowych, 10 dag mielonych orzech\u00f3w w\u0142oskich, 1,5 \u0142y\u017ceczki proszku do pieczenia, 4 \u0142y\u017cki mleka, szczypta soli, do posmarowania foremek na babki: \u0142y\u017cka mas\u0142a; do ich wysypania: \u0142y\u017cka m\u0105ki; na lukier: szklanka cukru pudru, sok z cytryny 1. Utrze\u0107 \u017c\u00f3\u0142tka z cukrem [&hellip;]<\/p>\n","protected":false},"author":2,"featured_media":0,"comment_status":"open","ping_status":"open","sticky":false,"template":"","format":"standard","meta":{"footnotes":""},"categories":[1],"tags":[],"_links":{"self":[{"href":"https:\/\/blog.polityka.pl\/adamczewski\/wp-json\/wp\/v2\/posts\/11235"}],"collection":[{"href":"https:\/\/blog.polityka.pl\/adamczewski\/wp-json\/wp\/v2\/posts"}],"about":[{"href":"https:\/\/blog.polityka.pl\/adamczewski\/wp-json\/wp\/v2\/types\/post"}],"author":[{"embeddable":true,"href":"https:\/\/blog.polityka.pl\/adamczewski\/wp-json\/wp\/v2\/users\/2"}],"replies":[{"embeddable":true,"href":"https:\/\/blog.polityka.pl\/adamczewski\/wp-json\/wp\/v2\/comments?post=11235"}],"version-history":[{"count":0,"href":"https:\/\/blog.polityka.pl\/adamczewski\/wp-json\/wp\/v2\/posts\/11235\/revisions"}],"wp:attachment":[{"href":"https:\/\/blog.polityka.pl\/adamczewski\/wp-json\/wp\/v2\/media?parent=11235"}],"wp:term":[{"taxonomy":"category","embeddable":true,"href":"https:\/\/blog.polityka.pl\/adamczewski\/wp-json\/wp\/v2\/categories?post=11235"},{"taxonomy":"post_tag","embeddable":true,"href":"https:\/\/blog.polityka.pl\/adamczewski\/wp-json\/wp\/v2\/tags?post=11235"}],"curies":[{"name":"wp","href":"https:\/\/api.w.org\/{rel}","templated":true}]}}