
{"id":11239,"date":"2012-12-19T09:46:48","date_gmt":"2012-12-19T08:46:48","guid":{"rendered":"http:\/\/adamczewscy.pl\/?p=3770"},"modified":"2012-12-19T09:46:48","modified_gmt":"2012-12-19T08:46:48","slug":"kacze-udka-z-wisniami","status":"publish","type":"post","link":"https:\/\/blog.polityka.pl\/adamczewski\/2012\/12\/19\/kacze-udka-z-wisniami\/","title":{"rendered":"Kacze udka z wi\u015bniami"},"content":{"rendered":"<p><a href=\"http:\/\/adamczewscy.pl\/wp-content\/uploads\/2012\/12\/basikaczkazwisniami.jpg\"><img loading=\"lazy\" decoding=\"async\" src=\"http:\/\/adamczewscy.pl\/wp-content\/uploads\/2012\/12\/basikaczkazwisniami.jpg\" alt=\"\" title=\"OLYMPUS DIGITAL CAMERA\" width=\"400\" height=\"300\" class=\"alignnone size-full wp-image-3816\" \/><\/a><\/p>\n<p><em>4 kacze udka, 20 dag mro\u017conych wi\u015bni, szklanka czerwonego wytrawnego wina, \u0142y\u017cka suszonego majeranku, \u0142y\u017ceczka suszonego tymianku, 2 \u0142y\u017cki oliwy, szczypta cukru, 3 go\u017adziki, s\u00f3l<\/em><\/p>\n<p>1. Wymiesza\u0107 majeranek i tymianek z oliw\u0105, odrobin\u0105 soli i cukrem. Natrze\u0107 marynat\u0105 udka i odstawi\u0107 na 30 minut w ch\u0142odne miejsce. <\/p>\n<p>2. Nast\u0119pnie u\u0142o\u017cy\u0107 w naczyniu do zapiekania, pola\u0107 winem i piec oko\u0142o 50 minut, cz\u0119sto polewaj\u0105c wytworzonym sosem.<br \/>\n3. Wsypa\u0107 wi\u015bnie, go\u017adziki i piec jeszcze 30 minut. Podawa\u0107 z ziemniakami lub ry\u017cem. <\/p>\n","protected":false},"excerpt":{"rendered":"<p>4 kacze udka, 20 dag mro\u017conych wi\u015bni, szklanka czerwonego wytrawnego wina, \u0142y\u017cka suszonego majeranku, \u0142y\u017ceczka suszonego tymianku, 2 \u0142y\u017cki oliwy, szczypta cukru, 3 go\u017adziki, s\u00f3l 1. Wymiesza\u0107 majeranek i tymianek z oliw\u0105, odrobin\u0105 soli i cukrem. Natrze\u0107 marynat\u0105 udka i odstawi\u0107 na 30 minut w ch\u0142odne miejsce. 2. Nast\u0119pnie u\u0142o\u017cy\u0107 w naczyniu do zapiekania, pola\u0107 [&hellip;]<\/p>\n","protected":false},"author":2,"featured_media":0,"comment_status":"open","ping_status":"open","sticky":false,"template":"","format":"standard","meta":{"footnotes":""},"categories":[1],"tags":[],"_links":{"self":[{"href":"https:\/\/blog.polityka.pl\/adamczewski\/wp-json\/wp\/v2\/posts\/11239"}],"collection":[{"href":"https:\/\/blog.polityka.pl\/adamczewski\/wp-json\/wp\/v2\/posts"}],"about":[{"href":"https:\/\/blog.polityka.pl\/adamczewski\/wp-json\/wp\/v2\/types\/post"}],"author":[{"embeddable":true,"href":"https:\/\/blog.polityka.pl\/adamczewski\/wp-json\/wp\/v2\/users\/2"}],"replies":[{"embeddable":true,"href":"https:\/\/blog.polityka.pl\/adamczewski\/wp-json\/wp\/v2\/comments?post=11239"}],"version-history":[{"count":0,"href":"https:\/\/blog.polityka.pl\/adamczewski\/wp-json\/wp\/v2\/posts\/11239\/revisions"}],"wp:attachment":[{"href":"https:\/\/blog.polityka.pl\/adamczewski\/wp-json\/wp\/v2\/media?parent=11239"}],"wp:term":[{"taxonomy":"category","embeddable":true,"href":"https:\/\/blog.polityka.pl\/adamczewski\/wp-json\/wp\/v2\/categories?post=11239"},{"taxonomy":"post_tag","embeddable":true,"href":"https:\/\/blog.polityka.pl\/adamczewski\/wp-json\/wp\/v2\/tags?post=11239"}],"curies":[{"name":"wp","href":"https:\/\/api.w.org\/{rel}","templated":true}]}}