
{"id":11242,"date":"2012-12-19T09:49:44","date_gmt":"2012-12-19T08:49:44","guid":{"rendered":"http:\/\/adamczewscy.pl\/?p=3777"},"modified":"2012-12-19T09:49:44","modified_gmt":"2012-12-19T08:49:44","slug":"ptysie-dla-diabetykow","status":"publish","type":"post","link":"https:\/\/blog.polityka.pl\/adamczewski\/2012\/12\/19\/ptysie-dla-diabetykow\/","title":{"rendered":"Ptysie dla diabetyk\u00f3w"},"content":{"rendered":"<p><a href=\"http:\/\/adamczewscy.pl\/wp-content\/uploads\/2012\/12\/basiptysie.jpg\"><img loading=\"lazy\" decoding=\"async\" src=\"http:\/\/adamczewscy.pl\/wp-content\/uploads\/2012\/12\/basiptysie.jpg\" alt=\"\" title=\"OLYMPUS DIGITAL CAMERA\" width=\"400\" height=\"300\" class=\"alignnone size-full wp-image-3818\" \/><\/a><\/p>\n<p><em>Na ciasto: 22 ml wody (niepe\u0142na szklanka), szczypta soli, 8 dag mas\u0142a, 17 dag m\u0105ki (niepe\u0142na szklanka), 3 jaja<br \/>\nNa krem: 10 dag chudego serka homogenizowanego, 1\/2 szklanki \u015bmietany kremowej, 1\/2 \u0142y\u017ceczki p\u0142ynnego s\u0142odziku, gar\u015b\u0107 mro\u017conych mi\u0119kkich owoc\u00f3w.<br \/>\nDo przybrania: czekolada dla cukrzyk\u00f3w<\/em><\/p>\n<p>1, Zagotowa\u0107 w garnku wod\u0119 z sol\u0105 i mas\u0142em. Po zagotowaniu zdj\u0105\u0107 z ognia i mieszaj\u0105c wsypa\u0107 m\u0105k\u0119, zn\u00f3w ustawi\u0107 na ogniu i mieszaj\u0105c gotowa\u0107, a\u017c ciasto zacznie odstawa\u0107 od \u015bcianek garnka. Odstawi\u0107 do ostudzenia.<br \/>\n2. Och\u0142odzone ciasto wymiesza\u0107 z wbijanymi kolejno jajkami.<br \/>\n3. Je\u015bli mamy du\u017c\u0105 szpryce do kremu mo\u017cna przez ni\u0105 wyciska\u0107 ciasto na blach\u0119 wy\u0142o\u017con\u0105 papierem do wypiek\u00f3w, je\u015bli nie &#8211; nak\u0142ada\u0107 ostro\u017cnie \u0142y\u017ck\u0105 ciasto formuj\u0105c mo\u017cliwie zgrabny kr\u0105g\u0142y kopczyk. Powinno by\u0107 10 ciastek.<br \/>\n4. Piec 15 minut w temperaturze 210 st. C. Upieczone sch\u0142odzi\u0107 na kratce.<br \/>\n4. Ubi\u0107 na sztywno \u015bmietank\u0119, serek wymiesza\u0107 ze s\u0142odzikiem i rozgniecionymi owocami, doda\u0107 do \u015bmietanki, wymiesza\u0107 delikatnie.<br \/>\n5. Poprzekrawa\u0107 ptysie poziomo na p\u00f3\u0142, nape\u0142nia\u0107 wn\u0119trza kremem.<br \/>\n6. Wierzchy ciastek ozdobi\u0107 roztopiona czekolad\u0105.<br \/>\nOczywi\u015bcie ten sam przepis mo\u017ce, po dokonaniu zmian, pos\u0142u\u017cy\u0107 do przygotowania nie-dietetycznych ptysi\u00f3w: zamiast s\u0142odzika doda\u0107 do kremu cukier puder do smaku a do przybrania wierzch\u00f3w ciastek zamiast czekolady dla diabetyk\u00f3w u\u017cy\u0107 zwyk\u0142\u0105 czekolad\u0119 lub opr\u00f3szy\u0107 ptysie cukrem pudrem. <\/p>\n","protected":false},"excerpt":{"rendered":"<p>Na ciasto: 22 ml wody (niepe\u0142na szklanka), szczypta soli, 8 dag mas\u0142a, 17 dag m\u0105ki (niepe\u0142na szklanka), 3 jaja Na krem: 10 dag chudego serka homogenizowanego, 1\/2 szklanki \u015bmietany kremowej, 1\/2 \u0142y\u017ceczki p\u0142ynnego s\u0142odziku, gar\u015b\u0107 mro\u017conych mi\u0119kkich owoc\u00f3w. Do przybrania: czekolada dla cukrzyk\u00f3w 1, Zagotowa\u0107 w garnku wod\u0119 z sol\u0105 i mas\u0142em. Po zagotowaniu zdj\u0105\u0107 [&hellip;]<\/p>\n","protected":false},"author":2,"featured_media":0,"comment_status":"open","ping_status":"open","sticky":false,"template":"","format":"standard","meta":{"footnotes":""},"categories":[1],"tags":[],"_links":{"self":[{"href":"https:\/\/blog.polityka.pl\/adamczewski\/wp-json\/wp\/v2\/posts\/11242"}],"collection":[{"href":"https:\/\/blog.polityka.pl\/adamczewski\/wp-json\/wp\/v2\/posts"}],"about":[{"href":"https:\/\/blog.polityka.pl\/adamczewski\/wp-json\/wp\/v2\/types\/post"}],"author":[{"embeddable":true,"href":"https:\/\/blog.polityka.pl\/adamczewski\/wp-json\/wp\/v2\/users\/2"}],"replies":[{"embeddable":true,"href":"https:\/\/blog.polityka.pl\/adamczewski\/wp-json\/wp\/v2\/comments?post=11242"}],"version-history":[{"count":0,"href":"https:\/\/blog.polityka.pl\/adamczewski\/wp-json\/wp\/v2\/posts\/11242\/revisions"}],"wp:attachment":[{"href":"https:\/\/blog.polityka.pl\/adamczewski\/wp-json\/wp\/v2\/media?parent=11242"}],"wp:term":[{"taxonomy":"category","embeddable":true,"href":"https:\/\/blog.polityka.pl\/adamczewski\/wp-json\/wp\/v2\/categories?post=11242"},{"taxonomy":"post_tag","embeddable":true,"href":"https:\/\/blog.polityka.pl\/adamczewski\/wp-json\/wp\/v2\/tags?post=11242"}],"curies":[{"name":"wp","href":"https:\/\/api.w.org\/{rel}","templated":true}]}}