
{"id":11244,"date":"2012-12-19T09:50:53","date_gmt":"2012-12-19T08:50:53","guid":{"rendered":"http:\/\/adamczewscy.pl\/?p=3781"},"modified":"2012-12-19T09:50:53","modified_gmt":"2012-12-19T08:50:53","slug":"sernik-delikatny-2","status":"publish","type":"post","link":"https:\/\/blog.polityka.pl\/adamczewski\/2012\/12\/19\/sernik-delikatny-2\/","title":{"rendered":"Sernik delikatny"},"content":{"rendered":"<p><em>Na ciasto:15 dag mas\u0142a, 2 jajka, 1\/2 szklanki cukru, 2 szklanki m\u0105ki, 2 \u0142y\u017ceczki proszku do pieczenia<br \/>\nNa mas\u0119 serow\u0105:1 kg sera twarogowego, 10 jaj, 2 szklanki \u015bmietany krem\u00f3wki, 3 budynie \u015bmietankowe, 1, 5 szklanki cukru, ew. cukier waniliowy, rodzynki<br \/>\nNa lukier: 1\/2 szklanki cukru pudru i kilka kropel soku z cytryny<\/em><\/p>\n<p>1. Zagnie\u015b\u0107 z podanych sk\u0142adnik\u00f3w kruche ciasto i wylepi\u0107 nim dno i boki du\u017cej tortownicy.<br \/>\n2. Ser zmieli\u0107 dwu lub trzykrotnie.<br \/>\n3. Do sera doda\u0107 \u017c\u00f3\u0142tka i wszystkie budynie. Dok\u0142adnie wymiesza\u0107.<br \/>\n4. Ubi\u0107 \u015bmietank\u0119 z 1\/2 szklanki cukru.<br \/>\n5. Ubi\u0107 sztywn\u0105 pian\u0119 z bia\u0142ek i wraz z ubit\u0105 \u015bmietank\u0105 i pozosta\u0142ym cukrem doda\u0107 do sernika. Delikatnie wymiesza\u0107 i wy\u0142o\u017cy\u0107 mas\u0119 na ciasto.<br \/>\n6. Piec w temperaturze 180 st. C oko\u0142o godziny.<br \/>\n7. Utrze\u0107 cukier puder z sokiem cytrynowym i polukrowa\u0107 wierzch ostudzonego sernika. <\/p>\n","protected":false},"excerpt":{"rendered":"<p>Na ciasto:15 dag mas\u0142a, 2 jajka, 1\/2 szklanki cukru, 2 szklanki m\u0105ki, 2 \u0142y\u017ceczki proszku do pieczenia Na mas\u0119 serow\u0105:1 kg sera twarogowego, 10 jaj, 2 szklanki \u015bmietany krem\u00f3wki, 3 budynie \u015bmietankowe, 1, 5 szklanki cukru, ew. cukier waniliowy, rodzynki Na lukier: 1\/2 szklanki cukru pudru i kilka kropel soku z cytryny 1. Zagnie\u015b\u0107 z [&hellip;]<\/p>\n","protected":false},"author":2,"featured_media":0,"comment_status":"open","ping_status":"open","sticky":false,"template":"","format":"standard","meta":{"footnotes":""},"categories":[1],"tags":[],"_links":{"self":[{"href":"https:\/\/blog.polityka.pl\/adamczewski\/wp-json\/wp\/v2\/posts\/11244"}],"collection":[{"href":"https:\/\/blog.polityka.pl\/adamczewski\/wp-json\/wp\/v2\/posts"}],"about":[{"href":"https:\/\/blog.polityka.pl\/adamczewski\/wp-json\/wp\/v2\/types\/post"}],"author":[{"embeddable":true,"href":"https:\/\/blog.polityka.pl\/adamczewski\/wp-json\/wp\/v2\/users\/2"}],"replies":[{"embeddable":true,"href":"https:\/\/blog.polityka.pl\/adamczewski\/wp-json\/wp\/v2\/comments?post=11244"}],"version-history":[{"count":0,"href":"https:\/\/blog.polityka.pl\/adamczewski\/wp-json\/wp\/v2\/posts\/11244\/revisions"}],"wp:attachment":[{"href":"https:\/\/blog.polityka.pl\/adamczewski\/wp-json\/wp\/v2\/media?parent=11244"}],"wp:term":[{"taxonomy":"category","embeddable":true,"href":"https:\/\/blog.polityka.pl\/adamczewski\/wp-json\/wp\/v2\/categories?post=11244"},{"taxonomy":"post_tag","embeddable":true,"href":"https:\/\/blog.polityka.pl\/adamczewski\/wp-json\/wp\/v2\/tags?post=11244"}],"curies":[{"name":"wp","href":"https:\/\/api.w.org\/{rel}","templated":true}]}}