
{"id":11245,"date":"2012-12-19T09:51:26","date_gmt":"2012-12-19T08:51:26","guid":{"rendered":"http:\/\/adamczewscy.pl\/?p=3783"},"modified":"2012-12-19T09:51:26","modified_gmt":"2012-12-19T08:51:26","slug":"swiateczna-legumina-sliwkowa","status":"publish","type":"post","link":"https:\/\/blog.polityka.pl\/adamczewski\/2012\/12\/19\/swiateczna-legumina-sliwkowa\/","title":{"rendered":"\u015awi\u0105teczna legumina \u015bliwkowa"},"content":{"rendered":"<p><em>15 dag suszonych \u015bliwek bez pestek, 3 jaja, 12 \u0142y\u017cek cukru, opakowanie cukru waniliowego, 2 szklanki mleka, 12 dag mas\u0142a, 1\/2 \u0142y\u017ceczki soli, 2 \u0142y\u017cki koniaku lub brandy, 14 dag m\u0105ki (czyli 14 \u0142y\u017cek)<br \/>\nDo posmarowania formy \u017caroodpornej: \u0142y\u017cka mas\u0142a<\/em><\/p>\n<p>1. \u015aliwki zala\u0107 wrz\u0105tkiem, kiedy zmi\u0119kn\u0105 odcedzi\u0107 i wystudzi\u0107.<br \/>\n2. Jaja ubi\u0107 na puszyst\u0105 mas\u0119 dodaj\u0105c po trochu oba cukry.<br \/>\n3. Mleko zagotowa\u0107 z sol\u0105, doda\u0107 mas\u0142o, wystudzi\u0107.<br \/>\n4. Po\u0142\u0105czy\u0107 mas\u0119 jajeczn\u0105 z ostudzonym mlekiem i ubijaj\u0105c doda\u0107 alkohol, na koniec doda\u0107 m\u0105k\u0119 i wymiesza\u0107. Odstawi\u0107 na 10 &#8211; 15 minut.<br \/>\n5. Nagrza\u0107 piekarnik do temperatury 200 st. C. Prostok\u0105tne \u017caroodporne naczynie posmarowa\u0107 mas\u0142em, wla\u0107 ciasto i pouk\u0142ada\u0107 na nim \u015bliwki. Piec 20 minut, po czym zmniejszy\u0107 temperatur\u0119 do 180 st. C i piec jeszcze 50 minut.<br \/>\nWystudzon\u0105 legumin\u0119 pokroi\u0107 na kawa\u0142ki. <\/p>\n","protected":false},"excerpt":{"rendered":"<p>15 dag suszonych \u015bliwek bez pestek, 3 jaja, 12 \u0142y\u017cek cukru, opakowanie cukru waniliowego, 2 szklanki mleka, 12 dag mas\u0142a, 1\/2 \u0142y\u017ceczki soli, 2 \u0142y\u017cki koniaku lub brandy, 14 dag m\u0105ki (czyli 14 \u0142y\u017cek) Do posmarowania formy \u017caroodpornej: \u0142y\u017cka mas\u0142a 1. \u015aliwki zala\u0107 wrz\u0105tkiem, kiedy zmi\u0119kn\u0105 odcedzi\u0107 i wystudzi\u0107. 2. Jaja ubi\u0107 na puszyst\u0105 mas\u0119 [&hellip;]<\/p>\n","protected":false},"author":2,"featured_media":0,"comment_status":"open","ping_status":"open","sticky":false,"template":"","format":"standard","meta":{"footnotes":""},"categories":[1],"tags":[],"_links":{"self":[{"href":"https:\/\/blog.polityka.pl\/adamczewski\/wp-json\/wp\/v2\/posts\/11245"}],"collection":[{"href":"https:\/\/blog.polityka.pl\/adamczewski\/wp-json\/wp\/v2\/posts"}],"about":[{"href":"https:\/\/blog.polityka.pl\/adamczewski\/wp-json\/wp\/v2\/types\/post"}],"author":[{"embeddable":true,"href":"https:\/\/blog.polityka.pl\/adamczewski\/wp-json\/wp\/v2\/users\/2"}],"replies":[{"embeddable":true,"href":"https:\/\/blog.polityka.pl\/adamczewski\/wp-json\/wp\/v2\/comments?post=11245"}],"version-history":[{"count":0,"href":"https:\/\/blog.polityka.pl\/adamczewski\/wp-json\/wp\/v2\/posts\/11245\/revisions"}],"wp:attachment":[{"href":"https:\/\/blog.polityka.pl\/adamczewski\/wp-json\/wp\/v2\/media?parent=11245"}],"wp:term":[{"taxonomy":"category","embeddable":true,"href":"https:\/\/blog.polityka.pl\/adamczewski\/wp-json\/wp\/v2\/categories?post=11245"},{"taxonomy":"post_tag","embeddable":true,"href":"https:\/\/blog.polityka.pl\/adamczewski\/wp-json\/wp\/v2\/tags?post=11245"}],"curies":[{"name":"wp","href":"https:\/\/api.w.org\/{rel}","templated":true}]}}