
{"id":11247,"date":"2012-12-19T09:53:19","date_gmt":"2012-12-19T08:53:19","guid":{"rendered":"http:\/\/adamczewscy.pl\/?p=3787"},"modified":"2012-12-19T09:53:19","modified_gmt":"2012-12-19T08:53:19","slug":"pieczen-grzybowa","status":"publish","type":"post","link":"https:\/\/blog.polityka.pl\/adamczewski\/2012\/12\/19\/pieczen-grzybowa\/","title":{"rendered":"Piecze\u0144 grzybowa"},"content":{"rendered":"<p><em>50 dag mro\u017conych le\u015bnych grzyb\u00f3w, 3 czerstwe bu\u0142ki, 3\/4 szklanki mleka, 3 \u0142y\u017cki mas\u0142a, 3 jajka, 3 z\u0105bki czosnku, do smaku: po trochu kminu rzymskiego, soli, pieprzu, bu\u0142ka tarta, 3 \u0142y\u017cki siekanej zielonej pietruszki<br \/>\nDo posmarowania blaszki: \u0142y\u017cka mas\u0142a<\/em><\/p>\n<p>1. Pokruszone bu\u0142ki skropi\u0107 mlekiem.<br \/>\n2. Rozgrza\u0107 piekarnik do 200 st. C.<br \/>\n3. Posiekana cebul\u0119 zeszkli\u0107 na ma\u015ble, doda\u0107 rozmro\u017cone grzyby i dusi\u0107 bez przykrycia, aby odparowa\u0107 nadmiar wody.<br \/>\n4. W misce umie\u015bci\u0107 rozdrobnione namoczone bu\u0142ki, uduszone grzyby, jajka, przeci\u015bni\u0119ty przez prask\u0119 czosnek, p\u00f3\u0142 \u0142y\u017ceczki kminu, s\u00f3l, pieprz, zielon\u0105 pietruszk\u0119 i wyrobi\u0107. Dodawa\u0107 tak\u017ce po trochu tart\u0105 bu\u0142k\u0119, aby masa nie by\u0142a zbyt rzadka. Powinno by\u0107 mo\u017cliwe uformowanie z niej pod\u0142u\u017cnego bochenka.<br \/>\n5. Uformowany bochenek u\u0142o\u017cy\u0107 w wysmarowanej mas\u0142em blaszce i piec w nagrzanym piekarniku 30 minut. Mo\u017cna piecze\u0144 poda\u0107 z ziemniakami z wody. <\/p>\n","protected":false},"excerpt":{"rendered":"<p>50 dag mro\u017conych le\u015bnych grzyb\u00f3w, 3 czerstwe bu\u0142ki, 3\/4 szklanki mleka, 3 \u0142y\u017cki mas\u0142a, 3 jajka, 3 z\u0105bki czosnku, do smaku: po trochu kminu rzymskiego, soli, pieprzu, bu\u0142ka tarta, 3 \u0142y\u017cki siekanej zielonej pietruszki Do posmarowania blaszki: \u0142y\u017cka mas\u0142a 1. Pokruszone bu\u0142ki skropi\u0107 mlekiem. 2. Rozgrza\u0107 piekarnik do 200 st. C. 3. Posiekana cebul\u0119 zeszkli\u0107 [&hellip;]<\/p>\n","protected":false},"author":2,"featured_media":0,"comment_status":"open","ping_status":"open","sticky":false,"template":"","format":"standard","meta":{"footnotes":""},"categories":[1],"tags":[],"_links":{"self":[{"href":"https:\/\/blog.polityka.pl\/adamczewski\/wp-json\/wp\/v2\/posts\/11247"}],"collection":[{"href":"https:\/\/blog.polityka.pl\/adamczewski\/wp-json\/wp\/v2\/posts"}],"about":[{"href":"https:\/\/blog.polityka.pl\/adamczewski\/wp-json\/wp\/v2\/types\/post"}],"author":[{"embeddable":true,"href":"https:\/\/blog.polityka.pl\/adamczewski\/wp-json\/wp\/v2\/users\/2"}],"replies":[{"embeddable":true,"href":"https:\/\/blog.polityka.pl\/adamczewski\/wp-json\/wp\/v2\/comments?post=11247"}],"version-history":[{"count":0,"href":"https:\/\/blog.polityka.pl\/adamczewski\/wp-json\/wp\/v2\/posts\/11247\/revisions"}],"wp:attachment":[{"href":"https:\/\/blog.polityka.pl\/adamczewski\/wp-json\/wp\/v2\/media?parent=11247"}],"wp:term":[{"taxonomy":"category","embeddable":true,"href":"https:\/\/blog.polityka.pl\/adamczewski\/wp-json\/wp\/v2\/categories?post=11247"},{"taxonomy":"post_tag","embeddable":true,"href":"https:\/\/blog.polityka.pl\/adamczewski\/wp-json\/wp\/v2\/tags?post=11247"}],"curies":[{"name":"wp","href":"https:\/\/api.w.org\/{rel}","templated":true}]}}