
{"id":11248,"date":"2012-12-19T09:53:48","date_gmt":"2012-12-19T08:53:48","guid":{"rendered":"http:\/\/adamczewscy.pl\/?p=3790"},"modified":"2012-12-19T09:53:48","modified_gmt":"2012-12-19T08:53:48","slug":"kotleciki-z-selera","status":"publish","type":"post","link":"https:\/\/blog.polityka.pl\/adamczewski\/2012\/12\/19\/kotleciki-z-selera\/","title":{"rendered":"Kotleciki z selera"},"content":{"rendered":"<p><em>Ok. 70 dag selera korzeniowego, \u0142y\u017ceczka soli, \u0142y\u017cka octu winnego, 4 \u0142y\u017cki m\u0105ki, 2 jajka, szklanka p\u0142atk\u00f3w owsianych, s\u00f3l<br \/>\nNa dip: szklanka g\u0119stej \u015bmietany, 2 \u0142y\u017cki posiekanego koperku<br \/>\nDo sma\u017cenia: 1\/2 szklanki oleju<\/em><\/p>\n<p>1. Selery (lub jeden du\u017cy seler) obra\u0107, pokroi\u0107 w plastry grubo\u015bci 1 cm.<br \/>\n2 Zagotowa\u0107 osolon\u0105 wod\u0119 z dodatkiem octu ; obgotowywa\u0107 6 minut plastry selera.<br \/>\n3. Macza\u0107 plasterki selera najpierw w m\u0105ce, potem w rozbitym jajku a na koniec w p\u0142atkach owsianych.<br \/>\n4. Sma\u017cy\u0107 kotleciki na rumiano na rozgrzanym oleju<br \/>\n5. Wymiesza\u0107 \u015bmietan\u0119 z siekanym koperkiem. Poda\u0107 jako dip do kotlecik\u00f3w. <\/p>\n","protected":false},"excerpt":{"rendered":"<p>Ok. 70 dag selera korzeniowego, \u0142y\u017ceczka soli, \u0142y\u017cka octu winnego, 4 \u0142y\u017cki m\u0105ki, 2 jajka, szklanka p\u0142atk\u00f3w owsianych, s\u00f3l Na dip: szklanka g\u0119stej \u015bmietany, 2 \u0142y\u017cki posiekanego koperku Do sma\u017cenia: 1\/2 szklanki oleju 1. Selery (lub jeden du\u017cy seler) obra\u0107, pokroi\u0107 w plastry grubo\u015bci 1 cm. 2 Zagotowa\u0107 osolon\u0105 wod\u0119 z dodatkiem octu ; obgotowywa\u0107 [&hellip;]<\/p>\n","protected":false},"author":2,"featured_media":0,"comment_status":"open","ping_status":"open","sticky":false,"template":"","format":"standard","meta":{"footnotes":""},"categories":[1],"tags":[],"_links":{"self":[{"href":"https:\/\/blog.polityka.pl\/adamczewski\/wp-json\/wp\/v2\/posts\/11248"}],"collection":[{"href":"https:\/\/blog.polityka.pl\/adamczewski\/wp-json\/wp\/v2\/posts"}],"about":[{"href":"https:\/\/blog.polityka.pl\/adamczewski\/wp-json\/wp\/v2\/types\/post"}],"author":[{"embeddable":true,"href":"https:\/\/blog.polityka.pl\/adamczewski\/wp-json\/wp\/v2\/users\/2"}],"replies":[{"embeddable":true,"href":"https:\/\/blog.polityka.pl\/adamczewski\/wp-json\/wp\/v2\/comments?post=11248"}],"version-history":[{"count":0,"href":"https:\/\/blog.polityka.pl\/adamczewski\/wp-json\/wp\/v2\/posts\/11248\/revisions"}],"wp:attachment":[{"href":"https:\/\/blog.polityka.pl\/adamczewski\/wp-json\/wp\/v2\/media?parent=11248"}],"wp:term":[{"taxonomy":"category","embeddable":true,"href":"https:\/\/blog.polityka.pl\/adamczewski\/wp-json\/wp\/v2\/categories?post=11248"},{"taxonomy":"post_tag","embeddable":true,"href":"https:\/\/blog.polityka.pl\/adamczewski\/wp-json\/wp\/v2\/tags?post=11248"}],"curies":[{"name":"wp","href":"https:\/\/api.w.org\/{rel}","templated":true}]}}