
{"id":11251,"date":"2012-12-19T09:56:24","date_gmt":"2012-12-19T08:56:24","guid":{"rendered":"http:\/\/adamczewscy.pl\/?p=3798"},"modified":"2012-12-19T09:56:24","modified_gmt":"2012-12-19T08:56:24","slug":"pieczona-papryka-z-sardelami","status":"publish","type":"post","link":"https:\/\/blog.polityka.pl\/adamczewski\/2012\/12\/19\/pieczona-papryka-z-sardelami\/","title":{"rendered":"Pieczona papryka z sardelami"},"content":{"rendered":"<p><a href=\"http:\/\/adamczewscy.pl\/wp-content\/uploads\/2012\/12\/paprykapieczona.jpg\"><img loading=\"lazy\" decoding=\"async\" src=\"http:\/\/adamczewscy.pl\/wp-content\/uploads\/2012\/12\/paprykapieczona.jpg\" alt=\"\" title=\"OLYMPUS DIGITAL CAMERA\" width=\"400\" height=\"300\" class=\"alignnone size-full wp-image-3814\" \/><\/a><\/p>\n<p><em>6 kolorowych papryk, 1\/2 szklanki oleju z pestek winogron, 2 z\u0105bki czosnku, 2 \u0142y\u017cki octu balsamicznego, puszeczka filet\u00f3w z sardeli w oliwie<\/em><\/p>\n<p>1. Papryki umy\u0107, osuszy\u0107, poprzekrawa\u0107 na po\u0142\u00f3wki i u\u0142o\u017cy\u0107 w piekarniku. Piec a\u017c na paprykach pojawi\u0105 si\u0119 ciemne plamy.<br \/>\n2. Upieczone papryki ostro\u017cnie w\u0142o\u017cy\u0107 do plastikowej torebki i od\u0142o\u017cy\u0107 do ostudzenia.<br \/>\n3. Z ostudzonych papryk zdj\u0105\u0107 sk\u00f3rk\u0119, pokroi\u0107 str\u0105ki w paski i u\u0142o\u017cy\u0107 na p\u00f3\u0142misku. Pola\u0107 olejem z pestek winogron wymieszanym z octem balsamicznym i z czosnkiem przeci\u015bni\u0119tym przez prask\u0119.<br \/>\n4. Na wierzchu u\u0142o\u017cy\u0107 fileciki z sardeli. <\/p>\n","protected":false},"excerpt":{"rendered":"<p>6 kolorowych papryk, 1\/2 szklanki oleju z pestek winogron, 2 z\u0105bki czosnku, 2 \u0142y\u017cki octu balsamicznego, puszeczka filet\u00f3w z sardeli w oliwie 1. Papryki umy\u0107, osuszy\u0107, poprzekrawa\u0107 na po\u0142\u00f3wki i u\u0142o\u017cy\u0107 w piekarniku. Piec a\u017c na paprykach pojawi\u0105 si\u0119 ciemne plamy. 2. Upieczone papryki ostro\u017cnie w\u0142o\u017cy\u0107 do plastikowej torebki i od\u0142o\u017cy\u0107 do ostudzenia. 3. Z [&hellip;]<\/p>\n","protected":false},"author":2,"featured_media":0,"comment_status":"open","ping_status":"open","sticky":false,"template":"","format":"standard","meta":{"footnotes":""},"categories":[1],"tags":[],"_links":{"self":[{"href":"https:\/\/blog.polityka.pl\/adamczewski\/wp-json\/wp\/v2\/posts\/11251"}],"collection":[{"href":"https:\/\/blog.polityka.pl\/adamczewski\/wp-json\/wp\/v2\/posts"}],"about":[{"href":"https:\/\/blog.polityka.pl\/adamczewski\/wp-json\/wp\/v2\/types\/post"}],"author":[{"embeddable":true,"href":"https:\/\/blog.polityka.pl\/adamczewski\/wp-json\/wp\/v2\/users\/2"}],"replies":[{"embeddable":true,"href":"https:\/\/blog.polityka.pl\/adamczewski\/wp-json\/wp\/v2\/comments?post=11251"}],"version-history":[{"count":0,"href":"https:\/\/blog.polityka.pl\/adamczewski\/wp-json\/wp\/v2\/posts\/11251\/revisions"}],"wp:attachment":[{"href":"https:\/\/blog.polityka.pl\/adamczewski\/wp-json\/wp\/v2\/media?parent=11251"}],"wp:term":[{"taxonomy":"category","embeddable":true,"href":"https:\/\/blog.polityka.pl\/adamczewski\/wp-json\/wp\/v2\/categories?post=11251"},{"taxonomy":"post_tag","embeddable":true,"href":"https:\/\/blog.polityka.pl\/adamczewski\/wp-json\/wp\/v2\/tags?post=11251"}],"curies":[{"name":"wp","href":"https:\/\/api.w.org\/{rel}","templated":true}]}}