
{"id":11253,"date":"2012-12-19T09:58:14","date_gmt":"2012-12-19T08:58:14","guid":{"rendered":"http:\/\/adamczewscy.pl\/?p=3803"},"modified":"2012-12-19T09:58:14","modified_gmt":"2012-12-19T08:58:14","slug":"surowka-marchewkowa-z-makiem","status":"publish","type":"post","link":"https:\/\/blog.polityka.pl\/adamczewski\/2012\/12\/19\/surowka-marchewkowa-z-makiem\/","title":{"rendered":"Sur\u00f3wka marchewkowa z makiem"},"content":{"rendered":"<p><a href=\"http:\/\/adamczewscy.pl\/wp-content\/uploads\/2012\/12\/marchewzmakiem.jpg\"><img loading=\"lazy\" decoding=\"async\" src=\"http:\/\/adamczewscy.pl\/wp-content\/uploads\/2012\/12\/marchewzmakiem.jpg\" alt=\"\" title=\"OLYMPUS DIGITAL CAMERA\" width=\"400\" height=\"300\" class=\"alignnone size-full wp-image-3831\" \/><\/a><\/p>\n<p><em>4 du\u017ce marchewki, sok z cytryny, 3 \u0142y\u017cki oleju z pestek winogron, 3 \u0142y\u017ceczki cukru, 2 \u0142y\u017cki maku<\/em><\/p>\n<p>1. Marchewki umy\u0107, cienko obra\u0107, zetrze\u0107 na \u015brednio grubej tarce jarzynowej, skropi\u0107 obficie sokiem cytrynowym.<br \/>\n2. Do marchewki doda\u0107 olej z pestek winogron i cukier, dok\u0142adnie wymiesza\u0107, doda\u0107 mak i zn\u00f3w wszystko razem wymiesza\u0107.<br \/>\nMarchew mo\u017cemy te\u017c doprawi\u0107 sosem winegret i na koniec doda\u0107 mak. Wymiesza\u0107<br \/>\nSur\u00f3wka jest bardzo dekoracyjna i doskonale nadaje si\u0119 na \u015bwi\u0105teczny st\u00f3\u0142. <\/p>\n","protected":false},"excerpt":{"rendered":"<p>4 du\u017ce marchewki, sok z cytryny, 3 \u0142y\u017cki oleju z pestek winogron, 3 \u0142y\u017ceczki cukru, 2 \u0142y\u017cki maku 1. Marchewki umy\u0107, cienko obra\u0107, zetrze\u0107 na \u015brednio grubej tarce jarzynowej, skropi\u0107 obficie sokiem cytrynowym. 2. Do marchewki doda\u0107 olej z pestek winogron i cukier, dok\u0142adnie wymiesza\u0107, doda\u0107 mak i zn\u00f3w wszystko razem wymiesza\u0107. Marchew mo\u017cemy te\u017c [&hellip;]<\/p>\n","protected":false},"author":2,"featured_media":0,"comment_status":"open","ping_status":"open","sticky":false,"template":"","format":"standard","meta":{"footnotes":""},"categories":[1],"tags":[],"_links":{"self":[{"href":"https:\/\/blog.polityka.pl\/adamczewski\/wp-json\/wp\/v2\/posts\/11253"}],"collection":[{"href":"https:\/\/blog.polityka.pl\/adamczewski\/wp-json\/wp\/v2\/posts"}],"about":[{"href":"https:\/\/blog.polityka.pl\/adamczewski\/wp-json\/wp\/v2\/types\/post"}],"author":[{"embeddable":true,"href":"https:\/\/blog.polityka.pl\/adamczewski\/wp-json\/wp\/v2\/users\/2"}],"replies":[{"embeddable":true,"href":"https:\/\/blog.polityka.pl\/adamczewski\/wp-json\/wp\/v2\/comments?post=11253"}],"version-history":[{"count":0,"href":"https:\/\/blog.polityka.pl\/adamczewski\/wp-json\/wp\/v2\/posts\/11253\/revisions"}],"wp:attachment":[{"href":"https:\/\/blog.polityka.pl\/adamczewski\/wp-json\/wp\/v2\/media?parent=11253"}],"wp:term":[{"taxonomy":"category","embeddable":true,"href":"https:\/\/blog.polityka.pl\/adamczewski\/wp-json\/wp\/v2\/categories?post=11253"},{"taxonomy":"post_tag","embeddable":true,"href":"https:\/\/blog.polityka.pl\/adamczewski\/wp-json\/wp\/v2\/tags?post=11253"}],"curies":[{"name":"wp","href":"https:\/\/api.w.org\/{rel}","templated":true}]}}