
{"id":11254,"date":"2012-12-19T09:58:50","date_gmt":"2012-12-19T08:58:50","guid":{"rendered":"http:\/\/adamczewscy.pl\/?p=3805"},"modified":"2012-12-19T09:58:50","modified_gmt":"2012-12-19T08:58:50","slug":"przepis-na-najlepszy-sos-winegret","status":"publish","type":"post","link":"https:\/\/blog.polityka.pl\/adamczewski\/2012\/12\/19\/przepis-na-najlepszy-sos-winegret\/","title":{"rendered":"Przepis na najlepszy sos winegret"},"content":{"rendered":"<p><em>10 \u0142y\u017cek oleju z pestek winogron 3 \u0142y\u017cki octu balsamicznego, s\u00f3l, \u0142y\u017ceczka miodu, pieprz i z\u0105bek czosnku<\/em><\/p>\n<p>1. Wszystkie sk\u0142adniki razem wymiesza\u0107 w zakr\u0119conym pokrywk\u0105 s\u0142oiku. <\/p>\n","protected":false},"excerpt":{"rendered":"<p>10 \u0142y\u017cek oleju z pestek winogron 3 \u0142y\u017cki octu balsamicznego, s\u00f3l, \u0142y\u017ceczka miodu, pieprz i z\u0105bek czosnku 1. Wszystkie sk\u0142adniki razem wymiesza\u0107 w zakr\u0119conym pokrywk\u0105 s\u0142oiku.<\/p>\n","protected":false},"author":2,"featured_media":0,"comment_status":"open","ping_status":"open","sticky":false,"template":"","format":"standard","meta":{"footnotes":""},"categories":[1],"tags":[],"_links":{"self":[{"href":"https:\/\/blog.polityka.pl\/adamczewski\/wp-json\/wp\/v2\/posts\/11254"}],"collection":[{"href":"https:\/\/blog.polityka.pl\/adamczewski\/wp-json\/wp\/v2\/posts"}],"about":[{"href":"https:\/\/blog.polityka.pl\/adamczewski\/wp-json\/wp\/v2\/types\/post"}],"author":[{"embeddable":true,"href":"https:\/\/blog.polityka.pl\/adamczewski\/wp-json\/wp\/v2\/users\/2"}],"replies":[{"embeddable":true,"href":"https:\/\/blog.polityka.pl\/adamczewski\/wp-json\/wp\/v2\/comments?post=11254"}],"version-history":[{"count":0,"href":"https:\/\/blog.polityka.pl\/adamczewski\/wp-json\/wp\/v2\/posts\/11254\/revisions"}],"wp:attachment":[{"href":"https:\/\/blog.polityka.pl\/adamczewski\/wp-json\/wp\/v2\/media?parent=11254"}],"wp:term":[{"taxonomy":"category","embeddable":true,"href":"https:\/\/blog.polityka.pl\/adamczewski\/wp-json\/wp\/v2\/categories?post=11254"},{"taxonomy":"post_tag","embeddable":true,"href":"https:\/\/blog.polityka.pl\/adamczewski\/wp-json\/wp\/v2\/tags?post=11254"}],"curies":[{"name":"wp","href":"https:\/\/api.w.org\/{rel}","templated":true}]}}