
{"id":11255,"date":"2012-12-19T09:59:32","date_gmt":"2012-12-19T08:59:32","guid":{"rendered":"http:\/\/adamczewscy.pl\/?p=3807"},"modified":"2012-12-19T09:59:32","modified_gmt":"2012-12-19T08:59:32","slug":"rukola-z-platkami-sera-i-rodzynkami","status":"publish","type":"post","link":"https:\/\/blog.polityka.pl\/adamczewski\/2012\/12\/19\/rukola-z-platkami-sera-i-rodzynkami\/","title":{"rendered":"Rukola z p\u0142atkami sera i rodzynkami"},"content":{"rendered":"<p><a href=\"http:\/\/adamczewscy.pl\/wp-content\/uploads\/2012\/12\/rukola.jpg\"><img loading=\"lazy\" decoding=\"async\" src=\"http:\/\/adamczewscy.pl\/wp-content\/uploads\/2012\/12\/rukola.jpg\" alt=\"\" title=\"OLYMPUS DIGITAL CAMERA\" width=\"400\" height=\"300\" class=\"alignnone size-full wp-image-3868\" \/><\/a><\/p>\n<p><em>Opakowanie mytej rukoli, 1\/2 szklanki p\u0142atk\u00f3w parmezanu lub grana padano, gar\u015b\u0107 rodzynek (mog\u0105 by\u0107 tak\u017ce suszone \u017curawiny), sos winegret<\/em><\/p>\n<p>1. Na p\u00f3\u0142misku u\u0142o\u017cy\u0107 warstw\u0119 rukoli, na niej p\u0142atki parmezanu i posypa\u0107 wszystko rodzynkami(lub \u017curawin\u0105), skropi\u0107 obficie sosem winegret. <\/p>\n","protected":false},"excerpt":{"rendered":"<p>Opakowanie mytej rukoli, 1\/2 szklanki p\u0142atk\u00f3w parmezanu lub grana padano, gar\u015b\u0107 rodzynek (mog\u0105 by\u0107 tak\u017ce suszone \u017curawiny), sos winegret 1. Na p\u00f3\u0142misku u\u0142o\u017cy\u0107 warstw\u0119 rukoli, na niej p\u0142atki parmezanu i posypa\u0107 wszystko rodzynkami(lub \u017curawin\u0105), skropi\u0107 obficie sosem winegret.<\/p>\n","protected":false},"author":2,"featured_media":0,"comment_status":"open","ping_status":"open","sticky":false,"template":"","format":"standard","meta":{"footnotes":""},"categories":[1],"tags":[],"_links":{"self":[{"href":"https:\/\/blog.polityka.pl\/adamczewski\/wp-json\/wp\/v2\/posts\/11255"}],"collection":[{"href":"https:\/\/blog.polityka.pl\/adamczewski\/wp-json\/wp\/v2\/posts"}],"about":[{"href":"https:\/\/blog.polityka.pl\/adamczewski\/wp-json\/wp\/v2\/types\/post"}],"author":[{"embeddable":true,"href":"https:\/\/blog.polityka.pl\/adamczewski\/wp-json\/wp\/v2\/users\/2"}],"replies":[{"embeddable":true,"href":"https:\/\/blog.polityka.pl\/adamczewski\/wp-json\/wp\/v2\/comments?post=11255"}],"version-history":[{"count":0,"href":"https:\/\/blog.polityka.pl\/adamczewski\/wp-json\/wp\/v2\/posts\/11255\/revisions"}],"wp:attachment":[{"href":"https:\/\/blog.polityka.pl\/adamczewski\/wp-json\/wp\/v2\/media?parent=11255"}],"wp:term":[{"taxonomy":"category","embeddable":true,"href":"https:\/\/blog.polityka.pl\/adamczewski\/wp-json\/wp\/v2\/categories?post=11255"},{"taxonomy":"post_tag","embeddable":true,"href":"https:\/\/blog.polityka.pl\/adamczewski\/wp-json\/wp\/v2\/tags?post=11255"}],"curies":[{"name":"wp","href":"https:\/\/api.w.org\/{rel}","templated":true}]}}